{"id":54884,"date":"2018-05-01T18:52:37","date_gmt":"2018-05-01T21:52:37","guid":{"rendered":"http:\/\/portalcatolico.net\/portal\/?p=54884"},"modified":"2018-05-02T19:58:37","modified_gmt":"2018-05-02T22:58:37","slug":"romaria-da-terra-e-das-aguas-foi-sucesso-de-publico-em-coaraci","status":"publish","type":"post","link":"http:\/\/portalcatolico.net\/portal\/romaria-da-terra-e-das-aguas-foi-sucesso-de-publico-em-coaraci\/","title":{"rendered":"Romaria da Terra e das \u00c1guas  foi sucesso de p\u00fablico em Coaraci"},"content":{"rendered":"<p style=\"font-weight: 400;\">A Diocese de Ilh\u00e9us realizou na cidade de Coaraci (BA) neste domingo (29), a sua 14\u00aa edi\u00e7\u00e3o da Romaria da Terra e das \u00c1guas e reuniu\u00a0as comunidades cat\u00f3licas\u00a0\u00a0da Diocese de Ilh\u00e9us na par\u00f3quia anfitri\u00e3 de Nossa Senhora de Lourdes, par\u00f3quia esta celebrando\u00a0 \u00a050 anos de funda\u00e7\u00e3o e evangeliza\u00e7\u00e3o.<\/p>\n<p style=\"font-weight: 400;\">Logo na chegada, \u00e0s 7h, os romeiros foram\u00a0\u00a0recepcionados por grupos de fi\u00e9is da par\u00f3quia anfitri\u00e3 e aniversariante. O local da recep\u00e7\u00e3o foi no clube AABB, e em seguida, uma multid\u00e3o seguiu pela BA 262.<img loading=\"lazy\" decoding=\"async\" class=\" wp-image-54887 alignright\" src=\"http:\/\/portalcatolico.net\/portal\/wp-content\/uploads\/2018\/05\/31444622_873921229456594_4952909264445243392_n-300x200.jpg\" alt=\"31444622_873921229456594_4952909264445243392_n\" width=\"257\" height=\"171\" srcset=\"http:\/\/portalcatolico.net\/portal\/wp-content\/uploads\/2018\/05\/31444622_873921229456594_4952909264445243392_n-300x200.jpg 300w, http:\/\/portalcatolico.net\/portal\/wp-content\/uploads\/2018\/05\/31444622_873921229456594_4952909264445243392_n-768x512.jpg 768w, http:\/\/portalcatolico.net\/portal\/wp-content\/uploads\/2018\/05\/31444622_873921229456594_4952909264445243392_n.jpg 960w\" sizes=\"auto, (max-width: 257px) 100vw, 257px\" \/><\/p>\n<p style=\"font-weight: 400;\">Durante o percurso, foi realizado o plantio de\u00a0\u00a0\u00e1rvores, visto que essa pr\u00e1tica permite que \u00e1gua da chuva penetre no solo e chegue at\u00e9 os len\u00e7\u00f3is fre\u00e1ticos. Al\u00e9m disso, aconteceu tamb\u00e9m palestras\u00a0com temas voltados a terra e as \u00e1guas, e momentos de evangeliza\u00e7\u00e3o.<\/p>\n<p style=\"font-weight: 400;\">O evento foi realizado na pra\u00e7a de eventos no centro da cidade, que ficou completamente lotada.<\/p>\n<p style=\"font-weight: 400;\">\u00c0s 13h, v\u00e1rios paroquianos fizeram uma apresenta\u00e7\u00e3o\u00a0teatral homenageando os 50 anos da Par\u00f3quia Nossa Senhora de Lourdes, falando do desmatamento das matas e dos desaparecimentos e a polui\u00e7\u00e3o dos rios.\u00a0\u00c0s 14h, o padre Cristo se apresentou com suas lindas can\u00e7\u00f5es\u00a0\u00a0em forma\u00a0\u00a0de ora\u00e7\u00f5es.<\/p>\n<p style=\"font-weight: 400;\">\u00c0s 15h, foi realizado o \u00e1pice da Romaria da Terra e das \u00c1guas: a celebra\u00e7\u00e3o\u00a0eucar\u00edstica com a presid\u00eancia do bispo diocesano da Diocese de Ilh\u00e9us no sul da Bahia ,Dom Mauro Montagnoli, e concelebrada por padres, di\u00e1conos e seminaristas. Na oportunidade, Dom Mauro benzeu a \u00e1gua que foi distribu\u00edda aos presentes e a celebra\u00e7\u00e3o encerrou com a b\u00ean\u00e7\u00e3o final dada pelo Bispo e pelos Padres Concelebrantes.<\/p>\n<p style=\"font-weight: 400;\">\u00a0<img loading=\"lazy\" decoding=\"async\" class=\" wp-image-54889 alignleft\" src=\"http:\/\/portalcatolico.net\/portal\/wp-content\/uploads\/2018\/05\/31543136_873923722789678_5260080214444081152_n-300x200.jpg\" alt=\"31543136_873923722789678_5260080214444081152_n\" width=\"278\" height=\"185\" srcset=\"http:\/\/portalcatolico.net\/portal\/wp-content\/uploads\/2018\/05\/31543136_873923722789678_5260080214444081152_n-300x200.jpg 300w, http:\/\/portalcatolico.net\/portal\/wp-content\/uploads\/2018\/05\/31543136_873923722789678_5260080214444081152_n-768x512.jpg 768w, http:\/\/portalcatolico.net\/portal\/wp-content\/uploads\/2018\/05\/31543136_873923722789678_5260080214444081152_n.jpg 960w\" sizes=\"auto, (max-width: 278px) 100vw, 278px\" \/>O p\u00e1roco da igreja matriz de Nossa Senhora de Lordes, Pe. Edinilson Vivas Batista, ao final da celebra\u00e7\u00e3o, fez o seu voto de agradecimento: \u201cQuero agradecer a nossa Diocese por ter confiado \u00e0 par\u00f3quia cinquenten\u00e1ria de Nossa Senhora de Lourdes a esta Romaria. Fizemos todo esfor\u00e7o pra corresponder a confian\u00e7a que nos foi depositada. Quero agradecer especialmente ao nosso Bispo Diocesano Dom Mauro, sempre presente nas caminhadas das par\u00f3quias da sua diocese. Agradecer tamb\u00e9m aos padres presentes, aos di\u00e1conos, aos seminaritas e um agradecimento especial a esta linda par\u00f3quia, muito dedicada e que realmente pega firme com seu p\u00e1roco e realiza aquilo que nos foi confiado\u201d.<\/p>\n<p style=\"font-weight: 400;\">O Portal Cat\u00f3lico parabeniza as\u00a0\u00a0equipes que organizaram esta bonita Romaria da Terra e das \u00c1guas.<\/p>\n<p style=\"font-weight: 400;\">Fotos: Pascom<\/p>\n<p style=\"font-weight: 400;\">Texto:Reda\u00e7\u00e3o Portal Cat\u00f3lico.net<\/p>\n<p style=\"font-weight: 400;\"><img loading=\"lazy\" decoding=\"async\" class=\"alignnone size-medium wp-image-54890\" src=\"http:\/\/portalcatolico.net\/portal\/wp-content\/uploads\/2018\/05\/31444778_873923776123006_625334276086300672_n-300x200.jpg\" alt=\"31444778_873923776123006_625334276086300672_n\" width=\"300\" height=\"200\" srcset=\"http:\/\/portalcatolico.net\/portal\/wp-content\/uploads\/2018\/05\/31444778_873923776123006_625334276086300672_n-300x200.jpg 300w, http:\/\/portalcatolico.net\/portal\/wp-content\/uploads\/2018\/05\/31444778_873923776123006_625334276086300672_n-768x512.jpg 768w, http:\/\/portalcatolico.net\/portal\/wp-content\/uploads\/2018\/05\/31444778_873923776123006_625334276086300672_n.jpg 960w\" sizes=\"auto, (max-width: 300px) 100vw, 300px\" \/> <img loading=\"lazy\" decoding=\"async\" class=\"alignnone wp-image-54891\" src=\"http:\/\/portalcatolico.net\/portal\/wp-content\/uploads\/2018\/05\/31445124_873943662787684_3282149668993105920_n-300x225.jpg\" alt=\"31445124_873943662787684_3282149668993105920_n\" width=\"263\" height=\"197\" srcset=\"http:\/\/portalcatolico.net\/portal\/wp-content\/uploads\/2018\/05\/31445124_873943662787684_3282149668993105920_n-300x225.jpg 300w, http:\/\/portalcatolico.net\/portal\/wp-content\/uploads\/2018\/05\/31445124_873943662787684_3282149668993105920_n-768x576.jpg 768w, http:\/\/portalcatolico.net\/portal\/wp-content\/uploads\/2018\/05\/31445124_873943662787684_3282149668993105920_n.jpg 960w\" sizes=\"auto, (max-width: 263px) 100vw, 263px\" \/><\/p>\n<p style=\"font-weight: 400;\"><img loading=\"lazy\" decoding=\"async\" class=\"alignnone size-medium wp-image-54892\" src=\"http:\/\/portalcatolico.net\/portal\/wp-content\/uploads\/2018\/05\/31453781_873935489455168_457736191110807552_n-300x225.jpg\" alt=\"31453781_873935489455168_457736191110807552_n\" width=\"300\" height=\"225\" srcset=\"http:\/\/portalcatolico.net\/portal\/wp-content\/uploads\/2018\/05\/31453781_873935489455168_457736191110807552_n-300x225.jpg 300w, http:\/\/portalcatolico.net\/portal\/wp-content\/uploads\/2018\/05\/31453781_873935489455168_457736191110807552_n-768x576.jpg 768w, http:\/\/portalcatolico.net\/portal\/wp-content\/uploads\/2018\/05\/31453781_873935489455168_457736191110807552_n.jpg 960w\" sizes=\"auto, (max-width: 300px) 100vw, 300px\" \/> <img loading=\"lazy\" decoding=\"async\" class=\"alignnone size-medium wp-image-54893\" src=\"http:\/\/portalcatolico.net\/portal\/wp-content\/uploads\/2018\/05\/31453984_873940552787995_7908596411980054528_n-300x225.jpg\" alt=\"31453984_873940552787995_7908596411980054528_n\" width=\"300\" height=\"225\" srcset=\"http:\/\/portalcatolico.net\/portal\/wp-content\/uploads\/2018\/05\/31453984_873940552787995_7908596411980054528_n-300x225.jpg 300w, http:\/\/portalcatolico.net\/portal\/wp-content\/uploads\/2018\/05\/31453984_873940552787995_7908596411980054528_n-768x576.jpg 768w, http:\/\/portalcatolico.net\/portal\/wp-content\/uploads\/2018\/05\/31453984_873940552787995_7908596411980054528_n.jpg 960w\" sizes=\"auto, (max-width: 300px) 100vw, 300px\" \/><\/p>\n","protected":false},"excerpt":{"rendered":"<p>A Diocese de Ilh\u00e9us realizou na cidade de Coaraci (BA) neste domingo (29), a sua 14\u00aa edi\u00e7\u00e3o da Romaria da Terra e das \u00c1guas e reuniu\u00a0as comunidades cat\u00f3licas\u00a0\u00a0da Diocese de Ilh\u00e9us na par\u00f3quia anfitri\u00e3 de Nossa Senhora de Lourdes, par\u00f3quia esta celebrando\u00a0 \u00a050 anos de funda\u00e7\u00e3o e evangeliza\u00e7\u00e3o. Logo na chegada, \u00e0s 7h, os romeiros&nbsp;<\/p>\n<p><a class=\"btn btn-style\" href=\"http:\/\/portalcatolico.net\/portal\/romaria-da-terra-e-das-aguas-foi-sucesso-de-publico-em-coaraci\/\">Continue Reading<\/a><\/p>\n","protected":false},"author":2,"featured_media":54885,"comment_status":"open","ping_status":"open","sticky":false,"template":"","format":"standard","meta":{"footnotes":""},"categories":[68],"tags":[],"class_list":["post-54884","post","type-post","status-publish","format-standard","has-post-thumbnail","hentry","category-homilias"],"_links":{"self":[{"href":"http:\/\/portalcatolico.net\/portal\/wp-json\/wp\/v2\/posts\/54884","targetHints":{"allow":["GET"]}}],"collection":[{"href":"http:\/\/portalcatolico.net\/portal\/wp-json\/wp\/v2\/posts"}],"about":[{"href":"http:\/\/portalcatolico.net\/portal\/wp-json\/wp\/v2\/types\/post"}],"author":[{"embeddable":true,"href":"http:\/\/portalcatolico.net\/portal\/wp-json\/wp\/v2\/users\/2"}],"replies":[{"embeddable":true,"href":"http:\/\/portalcatolico.net\/portal\/wp-json\/wp\/v2\/comments?post=54884"}],"version-history":[{"count":3,"href":"http:\/\/portalcatolico.net\/portal\/wp-json\/wp\/v2\/posts\/54884\/revisions"}],"predecessor-version":[{"id":54894,"href":"http:\/\/portalcatolico.net\/portal\/wp-json\/wp\/v2\/posts\/54884\/revisions\/54894"}],"wp:featuredmedia":[{"embeddable":true,"href":"http:\/\/portalcatolico.net\/portal\/wp-json\/wp\/v2\/media\/54885"}],"wp:attachment":[{"href":"http:\/\/portalcatolico.net\/portal\/wp-json\/wp\/v2\/media?parent=54884"}],"wp:term":[{"taxonomy":"category","embeddable":true,"href":"http:\/\/portalcatolico.net\/portal\/wp-json\/wp\/v2\/categories?post=54884"},{"taxonomy":"post_tag","embeddable":true,"href":"http:\/\/portalcatolico.net\/portal\/wp-json\/wp\/v2\/tags?post=54884"}],"curies":[{"name":"wp","href":"https:\/\/api.w.org\/{rel}","templated":true}]}}