{"id":54881,"date":"2018-04-30T19:46:14","date_gmt":"2018-04-30T22:46:14","guid":{"rendered":"http:\/\/portalcatolico.net\/portal\/?p=54881"},"modified":"2018-05-02T19:46:48","modified_gmt":"2018-05-02T22:46:48","slug":"preparacao-para-a-festa-de-santa-rita-de-cassia-esta-a-todo-vapor-acompanhe","status":"publish","type":"post","link":"http:\/\/portalcatolico.net\/portal\/preparacao-para-a-festa-de-santa-rita-de-cassia-esta-a-todo-vapor-acompanhe\/","title":{"rendered":"Prepara\u00e7\u00e3o para a festa de Santa Rita de C\u00e1ssia est\u00e1 a todo vapor! Acompanhe!"},"content":{"rendered":"<p class=\"m_2408537359351822634xgmail-msonospacing\"><em>No domingo (29), logo ap\u00f3s a santa missa das 6h30min, a coordena\u00e7\u00e3o da Par\u00f3quia Santa de C\u00e1ssia juntamente com\u00a0\u00a0o p\u00e1roco, o Pe. Frei Jos\u00e9 Genilton, deram in\u00edcio a um retiro espiritual que j\u00e1 \u00e9 tradi\u00e7\u00e3o, pois \u00e9 realizado todos os anos\u00a0\u00a0em prol da festa e noven\u00e1rio da padroeira do bairro S\u00e3o Caetano: Santa Rita de C\u00e1ssia.<u><\/u><u><\/u><\/em><\/p>\n<p class=\"m_2408537359351822634xgmail-msonospacing\"><em>Na oportunidade, a pregadora Sueli Alves da RCC refletiu sobre a leitura de 1\u00ba Reis,10. 1.13.<\/em><i><u><\/u><u><\/u><\/i><\/p>\n<p class=\"m_2408537359351822634xgmail-msonospacing\"><em>Participaram todos os coordenadores de grupos, pastorais, movimentos, comunidades e paroquianos que est\u00e3o trabalhando nos preparativos da festa da matriz de\u00a0Santa Rita, que este ano\u00a0\u00a0completa 50 anos de funda\u00e7\u00e3o e evangeliza\u00e7\u00e3o.<u><\/u><u><\/u><\/em><\/p>\n<p class=\"m_2408537359351822634xgmail-msonospacing\"><em>A programa\u00e7\u00e3o dos dias festivos est\u00e1 completamente especial. Por volta das 18h, do dia 12 de maio, acontecer\u00e1 a santa missa e a inaugura\u00e7\u00e3o do monumento do Frei Joaquim Cameli (in memoriam). J\u00e1 no dia 13, seguem os preparativos at\u00e9 o dia 22 de maio (dia em que se comemora a santa), com missa todas as noites, sempre \u00e0s 19h.<\/em><i><u><\/u><u><\/u><\/i><\/p>\n<p class=\"m_2408537359351822634xgmail-msonospacing\"><em>Vale lembrar que o Portal Cat\u00f3lico Web R\u00e1dio estar\u00e1 transmitido em tempo real a santa missa. Para ter acesse a transmiss\u00e3o ao\u00a0<b>vivo,<\/b>\u00a0acesse o site:\u00a0<a href=\"http:\/\/www.portalcatolico.net\/\" target=\"_blank\" data-saferedirecturl=\"https:\/\/www.google.com\/url?hl=pt-BR&amp;q=http:\/\/www.portalcatolico.net\/&amp;source=gmail&amp;ust=1525386708087000&amp;usg=AFQjCNHQ8AdV0azptKmm_AqSKKeJX5ghrw\"><i>www.portalcatolico.net<\/i><\/a>\u00a0\u00a0<wbr \/>ou baixe o aplicativo no Play Store, e acompanhe pelo celular ou tablete: Segue o link<\/em><i>\u00a0<\/i><em><a href=\"https:\/\/play.google.com\/store\/apps\/details?id=com.shoutcast.stm.portalcatolico\" target=\"_blank\" data-saferedirecturl=\"https:\/\/www.google.com\/url?hl=pt-BR&amp;q=https:\/\/play.google.com\/store\/apps\/details?id%3Dcom.shoutcast.stm.portalcatolico&amp;source=gmail&amp;ust=1525386708087000&amp;usg=AFQjCNHnA2-tCxmxdnsYxFCdv9RJSwAAXA\"><i>https:\/\/play.google.com\/<wbr \/>store\/apps\/details?id=com.<wbr \/>shoutcast.stm.portalcatolico<\/i><\/a><\/em><\/p>\n","protected":false},"excerpt":{"rendered":"<p>No domingo (29), logo ap\u00f3s a santa missa das 6h30min, a coordena\u00e7\u00e3o da Par\u00f3quia Santa de C\u00e1ssia juntamente com\u00a0\u00a0o p\u00e1roco, o Pe. Frei Jos\u00e9 Genilton, deram in\u00edcio a um retiro espiritual que j\u00e1 \u00e9 tradi\u00e7\u00e3o, pois \u00e9 realizado todos os anos\u00a0\u00a0em prol da festa e noven\u00e1rio da padroeira do bairro S\u00e3o Caetano: Santa Rita de&nbsp;<\/p>\n<p><a class=\"btn btn-style\" href=\"http:\/\/portalcatolico.net\/portal\/preparacao-para-a-festa-de-santa-rita-de-cassia-esta-a-todo-vapor-acompanhe\/\">Continue Reading<\/a><\/p>\n","protected":false},"author":2,"featured_media":54882,"comment_status":"open","ping_status":"open","sticky":false,"template":"","format":"standard","meta":{"footnotes":""},"categories":[4],"tags":[],"class_list":["post-54881","post","type-post","status-publish","format-standard","has-post-thumbnail","hentry","category-destaques"],"_links":{"self":[{"href":"http:\/\/portalcatolico.net\/portal\/wp-json\/wp\/v2\/posts\/54881","targetHints":{"allow":["GET"]}}],"collection":[{"href":"http:\/\/portalcatolico.net\/portal\/wp-json\/wp\/v2\/posts"}],"about":[{"href":"http:\/\/portalcatolico.net\/portal\/wp-json\/wp\/v2\/types\/post"}],"author":[{"embeddable":true,"href":"http:\/\/portalcatolico.net\/portal\/wp-json\/wp\/v2\/users\/2"}],"replies":[{"embeddable":true,"href":"http:\/\/portalcatolico.net\/portal\/wp-json\/wp\/v2\/comments?post=54881"}],"version-history":[{"count":1,"href":"http:\/\/portalcatolico.net\/portal\/wp-json\/wp\/v2\/posts\/54881\/revisions"}],"predecessor-version":[{"id":54883,"href":"http:\/\/portalcatolico.net\/portal\/wp-json\/wp\/v2\/posts\/54881\/revisions\/54883"}],"wp:featuredmedia":[{"embeddable":true,"href":"http:\/\/portalcatolico.net\/portal\/wp-json\/wp\/v2\/media\/54882"}],"wp:attachment":[{"href":"http:\/\/portalcatolico.net\/portal\/wp-json\/wp\/v2\/media?parent=54881"}],"wp:term":[{"taxonomy":"category","embeddable":true,"href":"http:\/\/portalcatolico.net\/portal\/wp-json\/wp\/v2\/categories?post=54881"},{"taxonomy":"post_tag","embeddable":true,"href":"http:\/\/portalcatolico.net\/portal\/wp-json\/wp\/v2\/tags?post=54881"}],"curies":[{"name":"wp","href":"https:\/\/api.w.org\/{rel}","templated":true}]}}