{"id":54878,"date":"2018-05-01T09:00:41","date_gmt":"2018-05-01T12:00:41","guid":{"rendered":"http:\/\/portalcatolico.net\/portal\/?p=54878"},"modified":"2018-05-03T18:47:36","modified_gmt":"2018-05-03T21:47:36","slug":"jovens-vocacionados-em-itabuna-a-busca-pela-vocacao-sacerdotal-ou-religiosa","status":"publish","type":"post","link":"http:\/\/portalcatolico.net\/portal\/jovens-vocacionados-em-itabuna-a-busca-pela-vocacao-sacerdotal-ou-religiosa\/","title":{"rendered":"Jovens vocacionados em Itabuna: a busca pela  voca\u00e7\u00e3o sacerdotal  ou religiosa"},"content":{"rendered":"<p style=\"font-weight: 400;\"><em>A Pastoral Vocacional da\u00a0\u00a0Par\u00f3quia Santa Rita de C\u00e1ssia em Itabuna (BA) realizou entre os dias 28 e 29\u00a0 (s\u00e1bado e domingo) de abril o 1\u00aa Encontro Vocacional dos\u00a0\u00a0Frades Menores Capuchinhos que administram a par\u00f3quia e fazem parte da prov\u00edncia\u00a0de Bahia e\u00a0\u00a0Sergipe. Na chegada, os jovens receberam os crach\u00e1s e o material para serem usados no encontro, al\u00e9m de algumas orienta\u00e7\u00f5es. Segundo um dos frades, a miss\u00e3o dos Capuchinhos \u00e9 auxiliar aqueles que recebem o chamado do Pai.<\/em><\/p>\n<p style=\"font-weight: 400;\"><em>O encontro teve in\u00edcio no s\u00e1bado, \u00e0s 14h, com as palavras de incentivo do Pe. Frei Jos\u00e9 Genilton. Foram dois dias de encontro\u00a0\u00a0com o intuito de orientar os jovens vocacionados que ainda tem d\u00favidas sobre o caminho a seguir.<\/em><\/p>\n<p style=\"font-weight: 400;\"><em>O encontro teve fim no\u00a0\u00a0domingo ao meio dia.<\/em><\/p>\n<p style=\"font-weight: 400;\"><em>O tema do evento foi: \u201cVivenciando a vida de S\u00e3o Francisco, aprendendo a ouvir o chamado e vivenciar o amor\u201d.<\/em><\/p>\n<p style=\"font-weight: 400;\"><em>Os primeiros encontros s\u00e3o justamente para apresentar ao jovem as voca\u00e7\u00f5es espec\u00edficas, principalmente sacerdotal e religiosa, e ainda para conhecer a hist\u00f3ria e motiva\u00e7\u00e3o de cada um que se prop\u00f4s a participar do processo de acompanhamento. O encontro teve a orienta\u00e7\u00e3o dos Pe. Frei Jose Genilton (p\u00e1roco) Pe. Frei Alberto e o Frei Leandro da Silva Pereira.<\/em><\/p>\n<p style=\"font-weight: 400;\"><em>Segundo um dos jovens o encontro foi\u00a0\u00a0\u201cbastante din\u00e2mico, livre para falar, alegre, pois os\u00a0\u00a0jovens tiveram a\u00a0\u00a0oportunidade de refletir a partir da espiritualidade do carisma e da miss\u00e3o de cada um que queiram seguir sua voca\u00e7\u00e3o\u201d.<\/em><\/p>\n<p style=\"font-weight: 400;\">Texto e foto:Reda\u00e7\u00e3o Portal Cat\u00f3lico<\/p>\n","protected":false},"excerpt":{"rendered":"<p>A Pastoral Vocacional da\u00a0\u00a0Par\u00f3quia Santa Rita de C\u00e1ssia em Itabuna (BA) realizou entre os dias 28 e 29\u00a0 (s\u00e1bado e domingo) de abril o 1\u00aa Encontro Vocacional dos\u00a0\u00a0Frades Menores Capuchinhos que administram a par\u00f3quia e fazem parte da prov\u00edncia\u00a0de Bahia e\u00a0\u00a0Sergipe. Na chegada, os jovens receberam os crach\u00e1s e o material para serem usados no&nbsp;<\/p>\n<p><a class=\"btn btn-style\" href=\"http:\/\/portalcatolico.net\/portal\/jovens-vocacionados-em-itabuna-a-busca-pela-vocacao-sacerdotal-ou-religiosa\/\">Continue Reading<\/a><\/p>\n","protected":false},"author":2,"featured_media":54879,"comment_status":"open","ping_status":"open","sticky":false,"template":"","format":"standard","meta":{"footnotes":""},"categories":[70],"tags":[],"class_list":["post-54878","post","type-post","status-publish","format-standard","has-post-thumbnail","hentry","category-testemunhos"],"_links":{"self":[{"href":"http:\/\/portalcatolico.net\/portal\/wp-json\/wp\/v2\/posts\/54878","targetHints":{"allow":["GET"]}}],"collection":[{"href":"http:\/\/portalcatolico.net\/portal\/wp-json\/wp\/v2\/posts"}],"about":[{"href":"http:\/\/portalcatolico.net\/portal\/wp-json\/wp\/v2\/types\/post"}],"author":[{"embeddable":true,"href":"http:\/\/portalcatolico.net\/portal\/wp-json\/wp\/v2\/users\/2"}],"replies":[{"embeddable":true,"href":"http:\/\/portalcatolico.net\/portal\/wp-json\/wp\/v2\/comments?post=54878"}],"version-history":[{"count":3,"href":"http:\/\/portalcatolico.net\/portal\/wp-json\/wp\/v2\/posts\/54878\/revisions"}],"predecessor-version":[{"id":54924,"href":"http:\/\/portalcatolico.net\/portal\/wp-json\/wp\/v2\/posts\/54878\/revisions\/54924"}],"wp:featuredmedia":[{"embeddable":true,"href":"http:\/\/portalcatolico.net\/portal\/wp-json\/wp\/v2\/media\/54879"}],"wp:attachment":[{"href":"http:\/\/portalcatolico.net\/portal\/wp-json\/wp\/v2\/media?parent=54878"}],"wp:term":[{"taxonomy":"category","embeddable":true,"href":"http:\/\/portalcatolico.net\/portal\/wp-json\/wp\/v2\/categories?post=54878"},{"taxonomy":"post_tag","embeddable":true,"href":"http:\/\/portalcatolico.net\/portal\/wp-json\/wp\/v2\/tags?post=54878"}],"curies":[{"name":"wp","href":"https:\/\/api.w.org\/{rel}","templated":true}]}}