{"id":54874,"date":"2018-04-30T08:35:12","date_gmt":"2018-04-30T11:35:12","guid":{"rendered":"http:\/\/portalcatolico.net\/portal\/?p=54874"},"modified":"2018-05-02T19:35:43","modified_gmt":"2018-05-02T22:35:43","slug":"pastoral-da-catequese-de-paroquia-em-itabuna-realiza-passeata-pedindo-paz","status":"publish","type":"post","link":"http:\/\/portalcatolico.net\/portal\/pastoral-da-catequese-de-paroquia-em-itabuna-realiza-passeata-pedindo-paz\/","title":{"rendered":"Pastoral da Catequese de par\u00f3quia em Itabuna realiza passeata pedindo paz"},"content":{"rendered":"<p style=\"font-weight: 400;\">No \u00faltimo s\u00e1bado (28), por volta das 15h, a Pastoral da Catequese da Par\u00f3quia Santa Rita de C\u00e1ssia em Itabuna (BA) realizou a VIII edi\u00e7\u00e3o da Passeata Catequ\u00e9tica com o tema da campanha da Fraternidade de 2018: \u201cFraternidade e supera\u00e7\u00e3o da viol\u00eancia\u201d e com o lema:\u201d V\u00f3s sois todos irm\u00e3os\u201d.(MT 23,8).<\/p>\n<p style=\"font-weight: 400;\">O evento contou com a participa\u00e7\u00e3o das crian\u00e7as e dos adolescentes das comunidades que pertencem \u00e0 igreja matriz de Santa Rita, al\u00e9m de alguns pais e respons\u00e1veis pelas as crian\u00e7as, pastorais, movimentos, grupos de ora\u00e7\u00f5es e irm\u00e3s franciscanas.<\/p>\n<p style=\"font-weight: 400;\">Antes de iniciar e finalizar a passeata, foram feitas as ora\u00e7\u00f5es e os pedidos por paz: \u201cA Pastoral da Catequese da Par\u00f3quia Santa Rita de C\u00e1ssia apoiada pela B\u00edblia tem a preocupa\u00e7\u00e3o\u00a0\u00a0de dialogar com seus catequizandos a import\u00e2ncia da vida em fraternidade e desenvolver neles o senso de justi\u00e7a e amor, para que juntos possamos construir uma sociedade justa e solid\u00e1ria\u201d, ressaltou um dos membros da Pastoral.<\/p>\n<p style=\"font-weight: 400;\">Seis\u00a0\u00a0alas foram subdivididas em temas:<\/p>\n<p style=\"font-weight: 400;\">1\u00aa ala \u201cA supera\u00e7\u00e3o da viol\u00eancia no ambiente Escolar\u201d.<\/p>\n<p style=\"font-weight: 400;\">2\u00aa ala: \u201cSupera\u00e7\u00e3o da Viol\u00eancia no Transito\u201d.<\/p>\n<p style=\"font-weight: 400;\">3\u00aa ala:\u00a0\u201cA Supera\u00e7\u00e3o da Viol\u00eancia no Futebol\u201d.<\/p>\n<p style=\"font-weight: 400;\">As crian\u00e7as da comunidade Nossa Senhora de Lourdes e da perseveran\u00e7a abordaram o tema: \u201cA supera\u00e7\u00e3o da Viol\u00eancia no Campo\u201d.<\/p>\n<p>Crian\u00e7as da\u00a0\u00a0terceira etapa abordaram o tema: \u201cA supera\u00e7\u00e3o da viol\u00eancia contra Crian\u00e7a, jovem e adolescentes\u201d.<\/p>\n<p>Adolecentes e crian\u00e7as das comunidades S\u00e3o Francisco, S\u00e3o Paulo Ap\u00f3stolo e os jovens do Crisma chamando aten\u00e7\u00e3o para \u201c A Supera\u00e7\u00e3o da viol\u00eancia e Vulnerabilidade social de mulheres\u201d.<\/p>\n<p style=\"font-weight: 400;\">Ao final da caminhada a coordenadora agradeceu \u00e0s pessoas\u00a0\u00a0que colaboraram com a realiza\u00e7\u00e3o do evento.<\/p>\n<p style=\"font-weight: 400;\">Por:Reda\u00e7\u00e3o;Portal cat\u00f3lico<\/p>\n","protected":false},"excerpt":{"rendered":"<p>No \u00faltimo s\u00e1bado (28), por volta das 15h, a Pastoral da Catequese da Par\u00f3quia Santa Rita de C\u00e1ssia em Itabuna (BA) realizou a VIII edi\u00e7\u00e3o da Passeata Catequ\u00e9tica com o tema da campanha da Fraternidade de 2018: \u201cFraternidade e supera\u00e7\u00e3o da viol\u00eancia\u201d e com o lema:\u201d V\u00f3s sois todos irm\u00e3os\u201d.(MT 23,8). O evento contou com&nbsp;<\/p>\n<p><a class=\"btn btn-style\" href=\"http:\/\/portalcatolico.net\/portal\/pastoral-da-catequese-de-paroquia-em-itabuna-realiza-passeata-pedindo-paz\/\">Continue Reading<\/a><\/p>\n","protected":false},"author":2,"featured_media":54875,"comment_status":"open","ping_status":"open","sticky":false,"template":"","format":"standard","meta":{"footnotes":""},"categories":[2],"tags":[],"class_list":["post-54874","post","type-post","status-publish","format-standard","has-post-thumbnail","hentry","category-eventos"],"_links":{"self":[{"href":"http:\/\/portalcatolico.net\/portal\/wp-json\/wp\/v2\/posts\/54874","targetHints":{"allow":["GET"]}}],"collection":[{"href":"http:\/\/portalcatolico.net\/portal\/wp-json\/wp\/v2\/posts"}],"about":[{"href":"http:\/\/portalcatolico.net\/portal\/wp-json\/wp\/v2\/types\/post"}],"author":[{"embeddable":true,"href":"http:\/\/portalcatolico.net\/portal\/wp-json\/wp\/v2\/users\/2"}],"replies":[{"embeddable":true,"href":"http:\/\/portalcatolico.net\/portal\/wp-json\/wp\/v2\/comments?post=54874"}],"version-history":[{"count":1,"href":"http:\/\/portalcatolico.net\/portal\/wp-json\/wp\/v2\/posts\/54874\/revisions"}],"predecessor-version":[{"id":54876,"href":"http:\/\/portalcatolico.net\/portal\/wp-json\/wp\/v2\/posts\/54874\/revisions\/54876"}],"wp:featuredmedia":[{"embeddable":true,"href":"http:\/\/portalcatolico.net\/portal\/wp-json\/wp\/v2\/media\/54875"}],"wp:attachment":[{"href":"http:\/\/portalcatolico.net\/portal\/wp-json\/wp\/v2\/media?parent=54874"}],"wp:term":[{"taxonomy":"category","embeddable":true,"href":"http:\/\/portalcatolico.net\/portal\/wp-json\/wp\/v2\/categories?post=54874"},{"taxonomy":"post_tag","embeddable":true,"href":"http:\/\/portalcatolico.net\/portal\/wp-json\/wp\/v2\/tags?post=54874"}],"curies":[{"name":"wp","href":"https:\/\/api.w.org\/{rel}","templated":true}]}}