{"id":54871,"date":"2018-04-29T06:16:49","date_gmt":"2018-04-29T09:16:49","guid":{"rendered":"http:\/\/portalcatolico.net\/portal\/?p=54871"},"modified":"2018-05-02T20:07:51","modified_gmt":"2018-05-02T23:07:51","slug":"sessao-extraordinaria-na-camara-municipal-de-vereadores-em-comemoracao-aos-300-anos-da-paroquia-de-sao-boaventura-de-canavieiras","status":"publish","type":"post","link":"http:\/\/portalcatolico.net\/portal\/sessao-extraordinaria-na-camara-municipal-de-vereadores-em-comemoracao-aos-300-anos-da-paroquia-de-sao-boaventura-de-canavieiras\/","title":{"rendered":"C\u00e2mara de Canavieiras homenageia personalidades da Par\u00f3quia de S\u00e3o Boaventura"},"content":{"rendered":"<p>&nbsp;<\/p>\n<p style=\"font-weight: 400;\">Uma sess\u00e3o extraordin\u00e1ria foi realizada em dia 27 de abril, por volta das 19h30, em comemora\u00e7\u00e3o aos 300 anos da Par\u00f3quia de S\u00e3o Boaventura de Canavieiras (BA) na C\u00e2mara Municipal de Vereadores.<\/p>\n<p style=\"font-weight: 400;\">O presidente da C\u00e2mara, Nilton Nascimento, deu in\u00edcio \u00e0s homenagens da noite, passando a palavra para o vereador Victor F\u00e1bio Homem, que falou um pouco da hist\u00f3ria da par\u00f3quia de S\u00e3o Boaventura desde sua cria\u00e7\u00e3o at\u00e9 os dias atuais.<\/p>\n<p style=\"font-weight: 400;\">Em seguida, o prefeito Roberto Almeida saudou a todos com a Paz do Senhor e agradeceu a presen\u00e7a de todos.<\/p>\n<p style=\"font-weight: 400;\">Depois da fala do Prefeito, foi passado para o momento das homenagens, onde o presidente da C\u00e2mara deu espa\u00e7o para que o vereador Jorge Garcia iniciasse a fala homenageando o Padre Jos\u00e9 Nunes Cardoso, entregando-lhe o diploma de honra ao m\u00e9rito pelos relevantes servi\u00e7os prestados \u00e0 comunidade canavieirense.<\/p>\n<p style=\"font-weight: 400;\">Depois de receber o diploma o padre Jos\u00e9 Nunes agradeceu pela homenagem recebida.<\/p>\n<p style=\"font-weight: 400;\">O vereador Alexandro tamb\u00e9m aproveitou a oportunidade e contou um pouco da hist\u00f3ria do padre Telmo Soares Pinto, que j\u00e1 foi padre da comunidade e que hoje reside na par\u00f3quia Nossa Senhora da Concei\u00e7\u00e3o na cidade de Arataca. Em seguida, o vereador Alex encerra sua fala agradecendo ao padre Telmo pelos servi\u00e7os prestados a comunidade e faz a entrega do diploma de honra ao m\u00e9rito.<\/p>\n<p style=\"font-weight: 400;\">Padre Telmo agradece ao vereador e ao seu amigo padre Euvaldo, pelo convite. Falando em belas palavras seu lema de vida sacerdotal : \u201cAi de mim se n\u00e3o Evangelizar\u201d(1Cor\u00edntios).<\/p>\n<p style=\"font-weight: 400;\">O padre Euvaldo Santana da Silva, p\u00e1roco atuante na comunidade de Canavieiras, tamb\u00e9m n\u00e3o poderia deixar de ser homenageado. Na oportunidade, ele disse: \u201cPosso ter sido um padre qualquer, mais sou o padre dos 300 anos\u201d, recebendo os aplausos de todos.<\/p>\n<p style=\"font-weight: 400;\">O vereador Diego Dias prestou a sua homenagem ao Ministro da palavra e da Eucaristia da Comunidade, ao Cosme Santos Ara\u00fajo.<\/p>\n<p style=\"font-weight: 400;\">Depois das homenagens, a ex-vereadora Denise\u00a0 Reis realizou a leitura da ora\u00e7\u00e3o dos 300\u00a0 anos da par\u00f3quia, que fez com que a mesma convidasse todos os presentes para que rezassem juntos.<\/p>\n<p style=\"font-weight: 400;\">Logo ap\u00f3s a leitura da ora\u00e7\u00e3o, para encerrar brilhantemente a sess\u00e3o, todos cantaram juntos o hino jubilar dos 300 anos e tamb\u00e9m o hino de Canavieiras.<\/p>\n<p style=\"font-weight: 400;\">\u00a0Texto: Phamela Carvalho<\/p>\n<p style=\"font-weight: 400;\">Informa\u00e7\u00f5es: PASCOM- Par\u00f3quia de S\u00e3o Boaventura<\/p>\n<p style=\"font-weight: 400;\">Canavieiras-Ba.<\/p>\n<p style=\"font-weight: 400;\">Diocese de Itabuna-Ba.<\/p>\n<p>Edi\u00e7\u00e3o de texto:Portal Cat\u00f3lico<\/p>\n","protected":false},"excerpt":{"rendered":"<p>&nbsp; Uma sess\u00e3o extraordin\u00e1ria foi realizada em dia 27 de abril, por volta das 19h30, em comemora\u00e7\u00e3o aos 300 anos da Par\u00f3quia de S\u00e3o Boaventura de Canavieiras (BA) na C\u00e2mara Municipal de Vereadores. O presidente da C\u00e2mara, Nilton Nascimento, deu in\u00edcio \u00e0s homenagens da noite, passando a palavra para o vereador Victor F\u00e1bio Homem, que&nbsp;<\/p>\n<p><a class=\"btn btn-style\" href=\"http:\/\/portalcatolico.net\/portal\/sessao-extraordinaria-na-camara-municipal-de-vereadores-em-comemoracao-aos-300-anos-da-paroquia-de-sao-boaventura-de-canavieiras\/\">Continue Reading<\/a><\/p>\n","protected":false},"author":2,"featured_media":54872,"comment_status":"open","ping_status":"open","sticky":false,"template":"","format":"standard","meta":{"footnotes":""},"categories":[3],"tags":[],"class_list":["post-54871","post","type-post","status-publish","format-standard","has-post-thumbnail","hentry","category-noticias_regionais"],"_links":{"self":[{"href":"http:\/\/portalcatolico.net\/portal\/wp-json\/wp\/v2\/posts\/54871","targetHints":{"allow":["GET"]}}],"collection":[{"href":"http:\/\/portalcatolico.net\/portal\/wp-json\/wp\/v2\/posts"}],"about":[{"href":"http:\/\/portalcatolico.net\/portal\/wp-json\/wp\/v2\/types\/post"}],"author":[{"embeddable":true,"href":"http:\/\/portalcatolico.net\/portal\/wp-json\/wp\/v2\/users\/2"}],"replies":[{"embeddable":true,"href":"http:\/\/portalcatolico.net\/portal\/wp-json\/wp\/v2\/comments?post=54871"}],"version-history":[{"count":3,"href":"http:\/\/portalcatolico.net\/portal\/wp-json\/wp\/v2\/posts\/54871\/revisions"}],"predecessor-version":[{"id":54896,"href":"http:\/\/portalcatolico.net\/portal\/wp-json\/wp\/v2\/posts\/54871\/revisions\/54896"}],"wp:featuredmedia":[{"embeddable":true,"href":"http:\/\/portalcatolico.net\/portal\/wp-json\/wp\/v2\/media\/54872"}],"wp:attachment":[{"href":"http:\/\/portalcatolico.net\/portal\/wp-json\/wp\/v2\/media?parent=54871"}],"wp:term":[{"taxonomy":"category","embeddable":true,"href":"http:\/\/portalcatolico.net\/portal\/wp-json\/wp\/v2\/categories?post=54871"},{"taxonomy":"post_tag","embeddable":true,"href":"http:\/\/portalcatolico.net\/portal\/wp-json\/wp\/v2\/tags?post=54871"}],"curies":[{"name":"wp","href":"https:\/\/api.w.org\/{rel}","templated":true}]}}