{"id":54740,"date":"2018-04-30T22:59:50","date_gmt":"2018-05-01T01:59:50","guid":{"rendered":"http:\/\/portalcatolico.net\/portal\/?p=54740"},"modified":"2018-04-30T22:59:50","modified_gmt":"2018-05-01T01:59:50","slug":"cnbb-lanca-mensagem-aos-trabalhadores-e-trabalhadoras-pelo-1o-de-maio","status":"publish","type":"post","link":"http:\/\/portalcatolico.net\/portal\/cnbb-lanca-mensagem-aos-trabalhadores-e-trabalhadoras-pelo-1o-de-maio\/","title":{"rendered":"CNBB lan\u00e7a mensagem aos trabalhadores e trabalhadoras pelo 1\u00ba de maio"},"content":{"rendered":"<p>A Confer\u00eancia Nacional dos Bispos do Brasil (CNBB) lan\u00e7ou nesta segunda-feira, 30 de abril, a \u201cMensagem aos Trabalhadores e Trabalhadoras\u201d por ocasi\u00e3o da celebra\u00e7\u00e3o do Dia do Trabalhador neste 1\u00ba de maio. No documento, a entidade sa\u00fada os(as) trabalhadores do Brasil e, baseada na Doutrina Social e no Magist\u00e9rio da Igreja, lembra que o \u201ctrabalho constitui uma dimens\u00e3o fundamental da exist\u00eancia do ser humano sobre a terra\u2019.<\/p>\n<p>A mensagem,\u00a0conclama os cat\u00f3licos e todas as pessoas de boa vontade a vencerem a tenta\u00e7\u00e3o da indiferen\u00e7a e da omiss\u00e3o e a colocar-se decididamente ao lado dos trabalhadores e trabalhadoras, assumindo a defesa de seus direitos e de suas justas reivindica\u00e7\u00f5es. Leia a \u00edntegra do documento abaixo:<\/p>\n<p><strong>MENSAGEM DA CNBB AOS TRABALHADORES E TRABALHADORAS<\/strong><br \/>\n<strong>1\u00ba DE MAIO DE 2018<br \/>\n<\/strong><br \/>\n<em>\u201cO clamor dos trabalhadores chegou aos ouvidos do Senhor todo-poderoso\u201d<\/em>\u00a0(Tg 5,4)<\/p>\n<p>A Confer\u00eancia Nacional dos Bispos do Brasil -CNBB, fiel \u00e0 sua miss\u00e3o prof\u00e9tica, iluminada pela Palavra de Deus e pela Doutrina Social da Igreja, sa\u00fada os trabalhadores e trabalhadoras do Brasil que celebram o seu dia neste 1\u00ba de Maio. \u201cConvencida de que o trabalho constitui uma dimens\u00e3o fundamental da exist\u00eancia do ser humano sobre a terra\u201d (Laborem Exercens, 4), a Igreja coloca-se ao lado dos trabalhadores e trabalhadoras em sua luta por justi\u00e7a e dignidade, sobretudo, neste momento de prolongada crise vivida pelo Brasil.<\/p>\n<p>O trabalho n\u00e3o \u00e9 mercadoria, mas um modo de express\u00e3o direta da pessoa humana (cf. Mater et Magistra, 18) que, por meio dele, \u201cdeve procurar o p\u00e3o quotidiano e contribuir para o progresso cont\u00ednuo das ci\u00eancias e da t\u00e9cnica, e sobretudo para a incessante eleva\u00e7\u00e3o cultural e moral da sociedade, na qual vive em comunidade com os pr\u00f3prios irm\u00e3os\u201d (Laborem Exercens, Intr.).<\/p>\n<p>Al\u00e9m disso, recorda-nos o Papa Francisco, o trabalho humano \u00e9 participa\u00e7\u00e3o na cria\u00e7\u00e3o que continua todos os dias, inclusive, gra\u00e7as \u00e0s m\u00e3os, \u00e0 mente e ao cora\u00e7\u00e3o dos trabalhadores: \u201cNa terra, h\u00e1 poucas alegrias maiores do que as que sentimos ao trabalhar, assim como h\u00e1 poucas dores maiores do que as do trabalho, quando ele explora, esmaga, humilha e mata\u201d (G\u00eanova, 2017). Com t\u00e3o grande dignidade, o trabalho humano n\u00e3o pode ser governado por uma economia voltada exclusivamente para o lucro, sacrificando a vida e os direitos dos trabalhadores e trabalhadoras.<\/p>\n<p>Ao Estado compete cuidar para que as rela\u00e7\u00f5es de trabalho se deem na justi\u00e7a e na equidade (cf. Mater et Magistra, 21). A solu\u00e7\u00e3o para a crise, que abate o Pa\u00eds, n\u00e3o pode provocar a perda de direitos dos trabalhadores e trabalhadoras. Nos projetos pol\u00edticos e reformas, o bem comum, especialmente dos mais pobres, e a soberania nacional devem estar acima dos interesses particulares, pol\u00edticos ou econ\u00f4micos.<\/p>\n<p>Conforme temos insistido em nossos pronunciamentos, solid\u00e1rios com os movimentos sociais, especialmente com as organiza\u00e7\u00f5es de trabalhadores e trabalhadoras que sofrem com as injusti\u00e7as, com o desemprego e com as prec\u00e1rias condi\u00e7\u00f5es de trabalho, reafirmamos seu papel indispens\u00e1vel para o avan\u00e7o da democracia, apoiamos suas justas reivindica\u00e7\u00f5es e os incentivamos a contribuir, em clima de di\u00e1logo amplo e manifesta\u00e7\u00f5es pac\u00edficas, para a edifica\u00e7\u00e3o da justi\u00e7a, da fraternidade e da paz no mundo do trabalho, sendo \u201csal da terra e luz do mundo\u201d, segundo a Palavra de Jesus.<\/p>\n<p>Neste 1\u00ba de maio, mais uma vez, conclamamos os cat\u00f3licos e todas as pessoas de boa vontade a vencerem a tenta\u00e7\u00e3o da indiferen\u00e7a e da omiss\u00e3o, colocando-se decididamente ao lado dos trabalhadores e trabalhadoras, assumindo a defesa de seus direitos e de suas justas reivindica\u00e7\u00f5es.<\/p>\n<p>O Senhor nosso Deus, que \u201cama a justi\u00e7a e o direito\u201d (Sl 32,5), nos conceda a gra\u00e7a de construirmos juntos um pa\u00eds verdadeiramente justo e democr\u00e1tico.<\/p>\n<p>S\u00e3o Jos\u00e9 Oper\u00e1rio, cuja mem\u00f3ria hoje celebramos, nos acompanhe com seu exemplo e intercess\u00e3o.<\/p>\n<p>Bras\u00edlia-DF, 30 de abril de 2018<\/p>\n<p>Cardeal Sergio da Rocha<br \/>\nArcebispo de Bras\u00edlia<br \/>\nPresidente da CNBB<\/p>\n<p>Dom Murilo S. Ramos Krieger<br \/>\nArcebispo de S\u00e3o Salvador da Bahia<br \/>\nVice-Presidente da CNBB<\/p>\n<p>Dom Leonardo Ulrich Steiner<br \/>\nBispo Auxiliar de Bras\u00edlia<br \/>\nSecret\u00e1rio-Geral da CNBB<\/p>\n<p>Fonte:CNBB<\/p>\n","protected":false},"excerpt":{"rendered":"<p>A Confer\u00eancia Nacional dos Bispos do Brasil (CNBB) lan\u00e7ou nesta segunda-feira, 30 de abril, a \u201cMensagem aos Trabalhadores e Trabalhadoras\u201d por ocasi\u00e3o da celebra\u00e7\u00e3o do Dia do Trabalhador neste 1\u00ba de maio. No documento, a entidade sa\u00fada os(as) trabalhadores do Brasil e, baseada na Doutrina Social e no Magist\u00e9rio da Igreja, lembra que o \u201ctrabalho&nbsp;<\/p>\n<p><a class=\"btn btn-style\" href=\"http:\/\/portalcatolico.net\/portal\/cnbb-lanca-mensagem-aos-trabalhadores-e-trabalhadoras-pelo-1o-de-maio\/\">Continue Reading<\/a><\/p>\n","protected":false},"author":2,"featured_media":54741,"comment_status":"open","ping_status":"open","sticky":false,"template":"","format":"standard","meta":{"footnotes":""},"categories":[3],"tags":[],"class_list":["post-54740","post","type-post","status-publish","format-standard","has-post-thumbnail","hentry","category-noticias_regionais"],"_links":{"self":[{"href":"http:\/\/portalcatolico.net\/portal\/wp-json\/wp\/v2\/posts\/54740","targetHints":{"allow":["GET"]}}],"collection":[{"href":"http:\/\/portalcatolico.net\/portal\/wp-json\/wp\/v2\/posts"}],"about":[{"href":"http:\/\/portalcatolico.net\/portal\/wp-json\/wp\/v2\/types\/post"}],"author":[{"embeddable":true,"href":"http:\/\/portalcatolico.net\/portal\/wp-json\/wp\/v2\/users\/2"}],"replies":[{"embeddable":true,"href":"http:\/\/portalcatolico.net\/portal\/wp-json\/wp\/v2\/comments?post=54740"}],"version-history":[{"count":1,"href":"http:\/\/portalcatolico.net\/portal\/wp-json\/wp\/v2\/posts\/54740\/revisions"}],"predecessor-version":[{"id":54742,"href":"http:\/\/portalcatolico.net\/portal\/wp-json\/wp\/v2\/posts\/54740\/revisions\/54742"}],"wp:featuredmedia":[{"embeddable":true,"href":"http:\/\/portalcatolico.net\/portal\/wp-json\/wp\/v2\/media\/54741"}],"wp:attachment":[{"href":"http:\/\/portalcatolico.net\/portal\/wp-json\/wp\/v2\/media?parent=54740"}],"wp:term":[{"taxonomy":"category","embeddable":true,"href":"http:\/\/portalcatolico.net\/portal\/wp-json\/wp\/v2\/categories?post=54740"},{"taxonomy":"post_tag","embeddable":true,"href":"http:\/\/portalcatolico.net\/portal\/wp-json\/wp\/v2\/tags?post=54740"}],"curies":[{"name":"wp","href":"https:\/\/api.w.org\/{rel}","templated":true}]}}