{"id":54736,"date":"2018-04-30T06:25:46","date_gmt":"2018-04-30T09:25:46","guid":{"rendered":"http:\/\/portalcatolico.net\/portal\/?p=54736"},"modified":"2018-04-30T06:25:46","modified_gmt":"2018-04-30T09:25:46","slug":"em-cerimonia-cheia-de-emocao-padre-jose-ricardo-e-ordenado-na-catedral-sao-pedro","status":"publish","type":"post","link":"http:\/\/portalcatolico.net\/portal\/em-cerimonia-cheia-de-emocao-padre-jose-ricardo-e-ordenado-na-catedral-sao-pedro\/","title":{"rendered":"Em cerim\u00f4nia cheia de emo\u00e7\u00e3o, Padre Jos\u00e9 Ricardo \u00e9 ordenado na Catedral S\u00e3o Pedro"},"content":{"rendered":"<p>O bispo Dom Jailton de Oliveira Lino e padres de toda a Diocese de Teixeira de Freitas \/ Caravelas estiveram juntos na Catedral S\u00e3o Pedro neste domingo, 29, \u00e0s 10h. Essa reuni\u00e3o especial aconteceu para a ordena\u00e7\u00e3o presbiteral do ent\u00e3o di\u00e1cono e agora padre Jos\u00e9 Ricardo de Almeida. Essa foi a primeira ordena\u00e7\u00e3o do Bispo, mas a expectativa \u00e9 a de que muitas outras venham, com um crescimento das voca\u00e7\u00f5es.<\/p>\n<p>A cerim\u00f4nia eucar\u00edstica foi presidida pelo bispo, na qual alguns ritos especiais s\u00e3o inseridos, cada uma com um significado especial. A homilia, por exemplo, \u00e9 toda voltada para esse momento t\u00e3o especial, n\u00e3o apenas para o neo presb\u00edtero, mas para toda a comunidade. Dom Jailton explica que todos n\u00f3s como batizados fazemos parte do sacerd\u00f3cio, mas que Jesus chama alguns nomes para dar continuidade \u00e0 sua igreja:<\/p>\n<blockquote><p>\u201cO presbit\u00e9rio \u00e9 um chamado n\u00e3o para comandar, mandar ou ditar, mas para agir como um verdadeiro bispo, servindo o povo de Deus. Esse \u00e9 um convite para ensinar o povo. Distribua a palavra que voc\u00ea mesmo recebeu com muita alegria. Ensine o que voc\u00ea l\u00ea e viva o que voc\u00ea ensina\u201d.<\/p><\/blockquote>\n<p>A vida sacerdotal pede entrega e o bispo lembra o novo presb\u00edtero dessa responsabilidade com a Igreja e com a comunidade: \u201cN\u00e3o procure os teus interesses, mas os interesses de Deus. O minist\u00e9rio de Cristo pede muita caridade e alegria constante. Por isso, congregue os fi\u00e9is numa s\u00f3 fam\u00edlia. Traga sempre nos olhos o Bom Pastor. Permane\u00e7a no servi\u00e7o do Senhor com docilidade, caridade e miseric\u00f3rdia\u201d.<img loading=\"lazy\" decoding=\"async\" class=\"size-medium wp-image-54738 alignright\" src=\"http:\/\/portalcatolico.net\/portal\/wp-content\/uploads\/2018\/04\/IMG_0448-300x200.jpg\" alt=\"IMG_0448\" width=\"300\" height=\"200\" srcset=\"http:\/\/portalcatolico.net\/portal\/wp-content\/uploads\/2018\/04\/IMG_0448-300x200.jpg 300w, http:\/\/portalcatolico.net\/portal\/wp-content\/uploads\/2018\/04\/IMG_0448-768x512.jpg 768w, http:\/\/portalcatolico.net\/portal\/wp-content\/uploads\/2018\/04\/IMG_0448-1024x683.jpg 1024w, http:\/\/portalcatolico.net\/portal\/wp-content\/uploads\/2018\/04\/IMG_0448.jpg 1152w\" sizes=\"auto, (max-width: 300px) 100vw, 300px\" \/><\/p>\n<p>Assim que finaliza a homilia, o ent\u00e3o di\u00e1cono Jos\u00e9 Ricardo se aproxima de Dom Jailton, que faz a ele perguntas para que ele afirme seu compromisso com o minist\u00e9rios, \u00e0s quais ele responde \u201cQuero\u201d. Segue-se a isso um momento que chamou muita aten\u00e7\u00e3o da comunidade presente, quando o di\u00e1cono fica prostrado no presbit\u00e9rio, com a testa encostada no ch\u00e3o, durante toda a Ladainha de Todos os Santos. Esse \u00e9 um sinal de despojamento e humildade do candidato, que fica assim enquanto toda a Igreja pede aux\u00edlio daqueles que nos precederam na f\u00e9.<\/p>\n<p>Outro momento muito significativo e emocionante \u00e9 a imposi\u00e7\u00e3o das m\u00e3os. Em sil\u00eancio, o bispo Dom Jailton imp\u00f5e as m\u00e3os sobre di\u00e1cono Jos\u00e9 Ricardo. Em seguida, todos os padres presentes fazem o mesmo, um a um. Chegou o momento dele ser revestido com os paramentos sacerdotais, estola e casula, um sinal claro para a sociedade da posi\u00e7\u00e3o que ele ir\u00e1 ocupar. Sentado na primeira cadeira da igreja, o pai do novo sacerdote segura as vestes, que s\u00e3o colocadas pelo padre Ronaldo.<\/p>\n<p>Dom Jailton d\u00e1 seguimento \u00e0 cerim\u00f4nia fazendo a un\u00e7\u00e3o das m\u00e3os com o \u00f3leo do Crisma. Entrega a ele o c\u00e1lice e a patena com p\u00e3o e vinho, convidado-o a se entregar e viver para seguir Cristo crucificado. Os pais do neo-sacerdote s\u00e3o os primeiros a receber a ben\u00e7\u00e3o. Em seguida, o bispo beija cada palma da m\u00e3o do di\u00e1cono e o abra\u00e7a. O gesto mais uma vez \u00e9 repetido por todos os padres presentes.<\/p>\n<p>Dom Jailton afirma pela primeira vez:<\/p>\n<blockquote><p>\u201cAgora ele \u00e9 Padre Jos\u00e9 Ricardo\u201d!<\/p><\/blockquote>\n<p>O que leva a igreja a exultar de emo\u00e7\u00e3o e felicidade. A cerim\u00f4nia eucar\u00edstica segue normalmente depois disso. Ao final, Padre Jos\u00e9 Ricardo pode fazer uso da palavra para agradecer: \u201cAgrade\u00e7o primeiro a Deus, na figura do Pai, Filho e Esp\u00edrito Santo, reafirmando hoje de maneira definitiva o sim que dei anos atr\u00e1s. Agrade\u00e7o \u00e0 Maria, que me sustentou mesmo quando minha f\u00e9 falhou. Agrade\u00e7o a Dom Jailton, que mesmo sem me conhecer tanto, acreditou em mim e me ordenou. Ao meu pai, que foi exemplo de catolicismo pra mim, e minha m\u00e3e, que disse sim \u00e0 vida e me teve, al\u00e9m de todos os meus familiares. \u00c0s par\u00f3quias por onde passei desde o in\u00edcio da minha vida, ainda na inf\u00e2ncia, at\u00e9 as onde atuei como di\u00e1cono. \u00c0 toda a comunidade e ao povo de Deus, todos que participaram dessa minha caminhada. Venho aqui para somar, para ajudar, nunca para dividir ou atrapalhar. Estou muito feliz!\u201d.<\/p>\n<p>Logo ap\u00f3s o Pe. Jos\u00e9 Ricardo falou com a PASCOM:<\/p>\n<p><iframe loading=\"lazy\"  id=\"_ytid_66228\"  width=\"480\" height=\"270\"  data-origwidth=\"480\" data-origheight=\"270\" src=\"https:\/\/www.youtube.com\/embed\/HhKol25u1c0?enablejsapi=1&#038;autoplay=0&#038;cc_load_policy=0&#038;cc_lang_pref=&#038;iv_load_policy=1&#038;loop=0&#038;rel=1&#038;fs=1&#038;playsinline=0&#038;autohide=2&#038;theme=dark&#038;color=red&#038;controls=1&#038;disablekb=0&#038;\" class=\"__youtube_prefs__  epyt-is-override  no-lazyload\" title=\"YouTube player\"  allow=\"fullscreen; accelerometer; autoplay; clipboard-write; encrypted-media; gyroscope; picture-in-picture; web-share\" referrerpolicy=\"strict-origin-when-cross-origin\" allowfullscreen data-no-lazy=\"1\" data-skipgform_ajax_framebjll=\"\"><\/iframe><\/p>\n<p>Texto e fotos: Pascom-Diocese de Teixeira de Freitas\/Caravelas<\/p>\n","protected":false},"excerpt":{"rendered":"<p>O bispo Dom Jailton de Oliveira Lino e padres de toda a Diocese de Teixeira de Freitas \/ Caravelas estiveram juntos na Catedral S\u00e3o Pedro neste domingo, 29, \u00e0s 10h. Essa reuni\u00e3o especial aconteceu para a ordena\u00e7\u00e3o presbiteral do ent\u00e3o di\u00e1cono e agora padre Jos\u00e9 Ricardo de Almeida. Essa foi a primeira ordena\u00e7\u00e3o do Bispo,&nbsp;<\/p>\n<p><a class=\"btn btn-style\" href=\"http:\/\/portalcatolico.net\/portal\/em-cerimonia-cheia-de-emocao-padre-jose-ricardo-e-ordenado-na-catedral-sao-pedro\/\">Continue Reading<\/a><\/p>\n","protected":false},"author":2,"featured_media":54737,"comment_status":"open","ping_status":"open","sticky":false,"template":"","format":"standard","meta":{"footnotes":""},"categories":[3],"tags":[],"class_list":["post-54736","post","type-post","status-publish","format-standard","has-post-thumbnail","hentry","category-noticias_regionais"],"_links":{"self":[{"href":"http:\/\/portalcatolico.net\/portal\/wp-json\/wp\/v2\/posts\/54736","targetHints":{"allow":["GET"]}}],"collection":[{"href":"http:\/\/portalcatolico.net\/portal\/wp-json\/wp\/v2\/posts"}],"about":[{"href":"http:\/\/portalcatolico.net\/portal\/wp-json\/wp\/v2\/types\/post"}],"author":[{"embeddable":true,"href":"http:\/\/portalcatolico.net\/portal\/wp-json\/wp\/v2\/users\/2"}],"replies":[{"embeddable":true,"href":"http:\/\/portalcatolico.net\/portal\/wp-json\/wp\/v2\/comments?post=54736"}],"version-history":[{"count":1,"href":"http:\/\/portalcatolico.net\/portal\/wp-json\/wp\/v2\/posts\/54736\/revisions"}],"predecessor-version":[{"id":54739,"href":"http:\/\/portalcatolico.net\/portal\/wp-json\/wp\/v2\/posts\/54736\/revisions\/54739"}],"wp:featuredmedia":[{"embeddable":true,"href":"http:\/\/portalcatolico.net\/portal\/wp-json\/wp\/v2\/media\/54737"}],"wp:attachment":[{"href":"http:\/\/portalcatolico.net\/portal\/wp-json\/wp\/v2\/media?parent=54736"}],"wp:term":[{"taxonomy":"category","embeddable":true,"href":"http:\/\/portalcatolico.net\/portal\/wp-json\/wp\/v2\/categories?post=54736"},{"taxonomy":"post_tag","embeddable":true,"href":"http:\/\/portalcatolico.net\/portal\/wp-json\/wp\/v2\/tags?post=54736"}],"curies":[{"name":"wp","href":"https:\/\/api.w.org\/{rel}","templated":true}]}}