{"id":54733,"date":"2018-04-30T06:05:10","date_gmt":"2018-04-30T09:05:10","guid":{"rendered":"http:\/\/portalcatolico.net\/portal\/?p=54733"},"modified":"2018-04-30T06:05:10","modified_gmt":"2018-04-30T09:05:10","slug":"papa-francisco-reza-o-terco-pela-siria-e-pela-paz-no-mundo","status":"publish","type":"post","link":"http:\/\/portalcatolico.net\/portal\/papa-francisco-reza-o-terco-pela-siria-e-pela-paz-no-mundo\/","title":{"rendered":"Papa Francisco reza o Ter\u00e7o pela S\u00edria e pela paz no mundo"},"content":{"rendered":"<p>Francisco convida os fi\u00e9is a recitarem com ele o Ter\u00e7o pela paz na S\u00edria e no mundo no dia primeiro de maio. Papa ser\u00e1 peregrino no Santu\u00e1rio do Divino Amor, em Roma.<\/p>\n<p>Na pr\u00f3xima ter\u00e7a-feira, 1\u00ba de maio e in\u00edcio do M\u00eas Mariano, o Papa Francisco ir\u00e1 em peregrina\u00e7\u00e3o ao Santu\u00e1rio de Nossa Senhora do Divino Amor, em Roma. Foi o que ele recordou na manh\u00e3 deste domingo na conclus\u00e3o do Regina Coeli na Pra\u00e7a S\u00e3o Pedro.<\/p>\n<h2>Rezar juntos pela paz<\/h2>\n<p><i>\u201cRecitaremos o Ter\u00e7o, rezando especialmente pela paz na S\u00edria e no mundo inteiro\u201d, disse o Papa, convidando os fi\u00e9is \u201ca unirem-se espiritualmente e a prolongar por todo o m\u00eas de maio a ora\u00e7\u00e3o do Ter\u00e7o pela paz\u201d.<\/i><\/p>\n<h2>&#8220;O Ter\u00e7o, a ora\u00e7\u00e3o do meu cora\u00e7\u00e3o&#8221;<\/h2>\n<p>Francisco recomenda frequentemente de recitar o Ter\u00e7o e j\u00e1 confessou v\u00e1rias vezes: &#8220;O Ter\u00e7o \u00e9 a ora\u00e7\u00e3o que acompanha sempre a minha vida; \u00e9 tamb\u00e9m a ora\u00e7\u00e3o dos simples e dos santos &#8230; \u00e9 a ora\u00e7\u00e3o do meu cora\u00e7\u00e3o\u201d. Ele explicou que o Ter\u00e7o \u201c\u00e9 uma s\u00edntese da Divina Miseric\u00f3rdia\u201d: \u201cNos mist\u00e9rios do Ter\u00e7o, com Maria, contemplamos a vida de Jesus que irradia a miseric\u00f3rdia do pr\u00f3prio Pai. Alegremo-nos pelo Seu amor e perd\u00e3o, vamos acolh\u00ea-lo nos estrangeiros e nos mais necessitados, vivamos todos os dias do Seu Evangelho\u201d.<\/p>\n<h2>Nossa Senhora est\u00e1 sempre perto de seus filhos<\/h2>\n<p>O Papa Francisco presenteia todas as pessoas que ele encontra com um Ter\u00e7o. Nossa Senhora &#8211; disse ele uma vez &#8211; est\u00e1 sempre perto de seus filhos, \u201cest\u00e1 sempre pronta para nos ajudar quando rezamos, quando pedimos sua prote\u00e7\u00e3o &#8230; recordemos que Ela n\u00e3o se faz esperar: \u00e9 Nossa Senhora da prontid\u00e3o, vai imediatamente a servir\u201d. Segundo a tradi\u00e7\u00e3o, essa ora\u00e7\u00e3o simples e profunda nasceu no s\u00e9culo XIII, em um ambiente dominicano e sempre foi encorajada pelos Papas.<\/p>\n<p>&nbsp;<\/p>\n<h2>O Papa no Santu\u00e1rio<\/h2>\n<p>O Santo Padre ser\u00e1 acolhido no Santu\u00e1rio de Nossa Senhora do Divino Amor pelo Vig\u00e1rio do Papa para a Diocese de Roma, Dom Angelo De Donatis, pelo bispo auxiliar do setor sul, Dom Paolo Lojudice, pelo presidente dos Oblatos Filhos do Divino Amor, Mons. Enrico Feroci, pelo diretor do santu\u00e1rio, Pe. Luciano Chagas Costa, pelo p\u00e1roco Pe. John Harry Bermeo Sanchez, pelo reitor do Semin\u00e1rio de Nossa Senhora do Divino Amor, Pe. Vincent Pallippadan, e pelas congrega\u00e7\u00f5es religiosas dos Oblatos Filhos e Filhas de Nossa Senhora do Divino Amor<\/p>\n<p>O pont\u00edfice rezar\u00e1 o Ter\u00e7o no Santu\u00e1rio antigo, diante da imagem de Nossa Senhora dos Milagres, inaugurando o m\u00eas mariano.<\/p>\n<p>Depois da ora\u00e7\u00e3o, encontrar\u00e1 as comunidades dos Oblatos Filhos e Filhas de Nossa Senhora do Divino Amor que trabalham no santu\u00e1rio. A seguir, aben\u00e7oar\u00e1 o t\u00famulo do Servo de Deus Pe. Umberto Terenzi, primeiro reitor e p\u00e1roco do santu\u00e1rio e fundador das duas congrega\u00e7\u00f5es religiosas. Depois, conversar\u00e1 com alguns idosos paroquianos que foram batizados por Pe. Terenzi.<\/p>\n<p>Est\u00e1 programado tamb\u00e9m um encontro com os h\u00f3spedes das duas estruturas de acolhimento do santu\u00e1rio:\u00a0Lar do Divino Amor e a Casa Fam\u00edlia Mater Divini Amoris.<\/p>\n<p>O Papa Francisco saudar\u00e1 tamb\u00e9m\u00a0a comunidade paroquial que pertence ao santu\u00e1rio e que rezar\u00e1 o Ter\u00e7o na pra\u00e7a em frente ao antigo local de culto.(Vatican Midia)<\/p>\n<p>Por Silvonei Jos\u00e9<\/p>\n","protected":false},"excerpt":{"rendered":"<p>Francisco convida os fi\u00e9is a recitarem com ele o Ter\u00e7o pela paz na S\u00edria e no mundo no dia primeiro de maio. Papa ser\u00e1 peregrino no Santu\u00e1rio do Divino Amor, em Roma. Na pr\u00f3xima ter\u00e7a-feira, 1\u00ba de maio e in\u00edcio do M\u00eas Mariano, o Papa Francisco ir\u00e1 em peregrina\u00e7\u00e3o ao Santu\u00e1rio de Nossa Senhora do&nbsp;<\/p>\n<p><a class=\"btn btn-style\" href=\"http:\/\/portalcatolico.net\/portal\/papa-francisco-reza-o-terco-pela-siria-e-pela-paz-no-mundo\/\">Continue Reading<\/a><\/p>\n","protected":false},"author":2,"featured_media":54734,"comment_status":"open","ping_status":"open","sticky":false,"template":"","format":"standard","meta":{"footnotes":""},"categories":[5],"tags":[],"class_list":["post-54733","post","type-post","status-publish","format-standard","has-post-thumbnail","hentry","category-igreja_no_mundo"],"_links":{"self":[{"href":"http:\/\/portalcatolico.net\/portal\/wp-json\/wp\/v2\/posts\/54733","targetHints":{"allow":["GET"]}}],"collection":[{"href":"http:\/\/portalcatolico.net\/portal\/wp-json\/wp\/v2\/posts"}],"about":[{"href":"http:\/\/portalcatolico.net\/portal\/wp-json\/wp\/v2\/types\/post"}],"author":[{"embeddable":true,"href":"http:\/\/portalcatolico.net\/portal\/wp-json\/wp\/v2\/users\/2"}],"replies":[{"embeddable":true,"href":"http:\/\/portalcatolico.net\/portal\/wp-json\/wp\/v2\/comments?post=54733"}],"version-history":[{"count":1,"href":"http:\/\/portalcatolico.net\/portal\/wp-json\/wp\/v2\/posts\/54733\/revisions"}],"predecessor-version":[{"id":54735,"href":"http:\/\/portalcatolico.net\/portal\/wp-json\/wp\/v2\/posts\/54733\/revisions\/54735"}],"wp:featuredmedia":[{"embeddable":true,"href":"http:\/\/portalcatolico.net\/portal\/wp-json\/wp\/v2\/media\/54734"}],"wp:attachment":[{"href":"http:\/\/portalcatolico.net\/portal\/wp-json\/wp\/v2\/media?parent=54733"}],"wp:term":[{"taxonomy":"category","embeddable":true,"href":"http:\/\/portalcatolico.net\/portal\/wp-json\/wp\/v2\/categories?post=54733"},{"taxonomy":"post_tag","embeddable":true,"href":"http:\/\/portalcatolico.net\/portal\/wp-json\/wp\/v2\/tags?post=54733"}],"curies":[{"name":"wp","href":"https:\/\/api.w.org\/{rel}","templated":true}]}}