{"id":54730,"date":"2018-04-30T05:59:33","date_gmt":"2018-04-30T08:59:33","guid":{"rendered":"http:\/\/portalcatolico.net\/portal\/?p=54730"},"modified":"2018-04-30T05:59:33","modified_gmt":"2018-04-30T08:59:33","slug":"hoje-e-celebrado-sao-pio-v-o-pastor-que-liderou-a-igreja-com-auxilio-de-maria","status":"publish","type":"post","link":"http:\/\/portalcatolico.net\/portal\/hoje-e-celebrado-sao-pio-v-o-pastor-que-liderou-a-igreja-com-auxilio-de-maria\/","title":{"rendered":"Hoje \u00e9 celebrado S\u00e3o Pio V, o pastor que liderou a Igreja com aux\u00edlio de Maria"},"content":{"rendered":"<p>O dia 30 de abril \u00e9 festa de S\u00e3o Pio V, um pobre pastor que chegou a ser Sumo Pont\u00edfice, renovou o clero e a liturgia da\u00a0Missa\u00a0e salvou a\u00a0Igreja\u00a0e a Europa da invas\u00e3o mu\u00e7ulmana na famosa batalha de Lepanto, com o aux\u00edlio da Virgem do Ros\u00e1rio.<\/p>\n<p>Antonio Chislieri (S\u00e3o Pio V) nasceu em Bosco (It\u00e1lia), em 1504. Tinha que cuidar das ovelhas no campo, porque seus pais eram muito pobres. Na adolesc\u00eancia, uma fam\u00edlia generosa custeou seus estudos ao ver que seu filho, tamb\u00e9m chamado Antonio, se comportava melhor desde que tinha se tornado amigo do santo.<\/p>\n<p>Assim, p\u00f4de estudar com os dominicanos e chegou a ser religioso dessa comunidade. Pouco a pouco, foi designado para cargos importantes at\u00e9 que o pr\u00f3prio Papa o nomeou Bispo e, em seguida, encarregado da associa\u00e7\u00e3o que defendia a f\u00e9 na It\u00e1lia.<\/p>\n<p>O santo percorria a p\u00e9 os povoados, alertando os fi\u00e9is dos erros dos evang\u00e9licos e luteranos. Muitas vezes, quiseram mat\u00e1-lo, mas seguiu anunciando a verdade. O Papa o nomeou Cardeal e o encarregou para dirigir a Igreja em defesa da reta doutrina.<\/p>\n<p>Quando o Papa Pio IV morreu, S\u00e3o Carlos Borromeo disse aos\u00a0Cardeais\u00a0que o mais apropriado para o minist\u00e9rio era o Cardeal Antonio Chislieri, por isso, foi eleito e tomou o nome de Pio V.<\/p>\n<p>S\u00e3o Pio V pediu que o que se ia gastar no banquete aos pol\u00edticos e militares fosse empregado em ajudas para os pobres e enfermos. Um dia, viu na rua seu amigo Antonio, cuja fam\u00edlia pagou seus estudos, nomeou-o governador do quartel do Papa e as pessoas admiraram ainda mais o Santo Padre ao saber de seu humilde passado.<\/p>\n<p>O Pont\u00edfice tinha grande devo\u00e7\u00e3o \u00e0\u00a0Eucaristia, \u00e0 Virgem e \u00e0 recita\u00e7\u00e3o do Ros\u00e1rio, que recomendava a todos. Nas prociss\u00f5es do Sant\u00edssimo Sacramento, percorria as ruas de Roma a p\u00e9 e com grande piedade e devo\u00e7\u00e3o.<\/p>\n<p>Ordenou que\u00a0bispos\u00a0e p\u00e1rocos vivessem no local para onde tinham sido nomeados, a fim de que n\u00e3o descuidassem dos fi\u00e9is. Publicou um novo missal e uma nova edi\u00e7\u00e3o da Liturgia das Horas, bem como um novo\u00a0catecismo.<\/p>\n<p>Nessa \u00e9poca, os mu\u00e7ulmanos amea\u00e7aram invadir a Europa e acabar com a religi\u00e3o cat\u00f3lica. Sa\u00edam da Turquia, arrasando as popula\u00e7\u00f5es cat\u00f3licas e anunciando que a Bas\u00edlica de S\u00e3o Pedro seria o est\u00e1bulo para os seus cavalos. Nenhum rei queria enfrent\u00e1-los.<\/p>\n<p>O Papa buscou a ajuda de l\u00edderes europeus e organizou um grande ex\u00e9rcito com barcos. Ele pediu que todos os combatentes fossem \u00e0 batalha confessados e tendo comungado na Missa. Enquanto iam combater, o Pont\u00edfice e os fi\u00e9is romanos percorriam as ruas descal\u00e7os rezando o Ros\u00e1rio.<\/p>\n<p>Os mu\u00e7ulmanos eram superiores e se encontraram com o ex\u00e9rcito cat\u00f3lico no golfo de Lepanto, perto da Gr\u00e9cia. Os l\u00edderes crist\u00e3os fizeram com que os soldados rezassem o ros\u00e1rio antes de iniciar a batalha em 7 de outubro de 1571.<\/p>\n<p>O combate come\u00e7ou com vento contr\u00e1rio para os cat\u00f3licos at\u00e9 que, de um momento para o outro, mudou de dire\u00e7\u00e3o. Ent\u00e3o, os crist\u00e3os se lan\u00e7aram ao ataque e obrigaram os mu\u00e7ulmanos a recuar.<\/p>\n<p>S\u00e3o Pio, sem ter recebido not\u00edcias do que aconteceu, olhou pela janela e disse aos Cardeais: \u201cVamos nos dedicar a dar gra\u00e7as a Deus e \u00e0 Virgem Sant\u00edssima, porque conseguimos a vit\u00f3ria\u201d.<\/p>\n<p>O Papa, como agradecimento, mandou que a cada 7 de outubro fosse celebrada a festa de Nossa Senhora do Ros\u00e1rio e que nas ladainhas fosse inclu\u00edda \u201cMaria, Aux\u00edlio dos Crist\u00e3os, rogai por n\u00f3s\u201d (algo que foi propagado por S\u00e3o Jo\u00e3o Bosco, s\u00e9culos depois).<\/p>\n<p>Partiu para a casa do Pai em 1\u00ba de maio de 1572, aos 68 anos.<\/p>\n<p>Fonte:ACI<\/p>\n","protected":false},"excerpt":{"rendered":"<p>O dia 30 de abril \u00e9 festa de S\u00e3o Pio V, um pobre pastor que chegou a ser Sumo Pont\u00edfice, renovou o clero e a liturgia da\u00a0Missa\u00a0e salvou a\u00a0Igreja\u00a0e a Europa da invas\u00e3o mu\u00e7ulmana na famosa batalha de Lepanto, com o aux\u00edlio da Virgem do Ros\u00e1rio. Antonio Chislieri (S\u00e3o Pio V) nasceu em Bosco (It\u00e1lia),&nbsp;<\/p>\n<p><a class=\"btn btn-style\" href=\"http:\/\/portalcatolico.net\/portal\/hoje-e-celebrado-sao-pio-v-o-pastor-que-liderou-a-igreja-com-auxilio-de-maria\/\">Continue Reading<\/a><\/p>\n","protected":false},"author":2,"featured_media":54731,"comment_status":"open","ping_status":"open","sticky":false,"template":"","format":"standard","meta":{"footnotes":""},"categories":[5],"tags":[],"class_list":["post-54730","post","type-post","status-publish","format-standard","has-post-thumbnail","hentry","category-igreja_no_mundo"],"_links":{"self":[{"href":"http:\/\/portalcatolico.net\/portal\/wp-json\/wp\/v2\/posts\/54730","targetHints":{"allow":["GET"]}}],"collection":[{"href":"http:\/\/portalcatolico.net\/portal\/wp-json\/wp\/v2\/posts"}],"about":[{"href":"http:\/\/portalcatolico.net\/portal\/wp-json\/wp\/v2\/types\/post"}],"author":[{"embeddable":true,"href":"http:\/\/portalcatolico.net\/portal\/wp-json\/wp\/v2\/users\/2"}],"replies":[{"embeddable":true,"href":"http:\/\/portalcatolico.net\/portal\/wp-json\/wp\/v2\/comments?post=54730"}],"version-history":[{"count":1,"href":"http:\/\/portalcatolico.net\/portal\/wp-json\/wp\/v2\/posts\/54730\/revisions"}],"predecessor-version":[{"id":54732,"href":"http:\/\/portalcatolico.net\/portal\/wp-json\/wp\/v2\/posts\/54730\/revisions\/54732"}],"wp:featuredmedia":[{"embeddable":true,"href":"http:\/\/portalcatolico.net\/portal\/wp-json\/wp\/v2\/media\/54731"}],"wp:attachment":[{"href":"http:\/\/portalcatolico.net\/portal\/wp-json\/wp\/v2\/media?parent=54730"}],"wp:term":[{"taxonomy":"category","embeddable":true,"href":"http:\/\/portalcatolico.net\/portal\/wp-json\/wp\/v2\/categories?post=54730"},{"taxonomy":"post_tag","embeddable":true,"href":"http:\/\/portalcatolico.net\/portal\/wp-json\/wp\/v2\/tags?post=54730"}],"curies":[{"name":"wp","href":"https:\/\/api.w.org\/{rel}","templated":true}]}}