{"id":54723,"date":"2018-04-29T12:46:49","date_gmt":"2018-04-29T15:46:49","guid":{"rendered":"http:\/\/portalcatolico.net\/portal\/?p=54723"},"modified":"2018-04-29T12:47:06","modified_gmt":"2018-04-29T15:47:06","slug":"em-maio-nossa-senhora-de-fatima-sera-celebrada-em-itabuna","status":"publish","type":"post","link":"http:\/\/portalcatolico.net\/portal\/em-maio-nossa-senhora-de-fatima-sera-celebrada-em-itabuna\/","title":{"rendered":"Em maio, Nossa Senhora de F\u00e1tima ser\u00e1 celebrada em Itabuna"},"content":{"rendered":"<p class=\"m_4598498880954348326m8776190656481618825xgmail-msonospacing\"><em>A Par\u00f3quia Nossa Senhora de F\u00e1tima, situada na Avenida Juraci Magalh\u00e3es, no bairro de F\u00e1tima, em Itabuna (BA) realizar\u00e1 de\u00a03 a 13 de maio, o Noven\u00e1rio e Festa de F\u00e1tima\u00a0 que ter\u00e1 como \u00a0tema: \u201c<\/em><em>Nossa Senhora de F\u00e1tima, ensina-nos a ser sal e luz no mundo\u201d e o lema \u201cAssim brilhe a Vossa luz diante dos homens (Mt 5, 16)<\/em><em>\u201d.<u><\/u><u><\/u><\/em><\/p>\n<p class=\"m_4598498880954348326xgmail-msonospacing\"><em>Os preparativos\u00a0\u00a0t\u00eam in\u00edcio no dia 3 com um grande arrast\u00e3o pela principais ruas do bairro de F\u00e1tima (o qual a santa tamb\u00e9m \u00e9 padroeira), anunciando a festa com caminhada com carro de som e louvor. No dia 4, tem in\u00edcio o noven\u00e1rio, que segue at\u00e9 o dia 13, o grande dia festivo.<u><\/u><u><\/u><\/em><\/p>\n<p class=\"m_4598498880954348326xgmail-msonospacing\"><em>Durante o noven\u00e1rio, as missas v\u00e3o acontecer todos os dias, acompanhadas de quermesse ,logo ap\u00f3s a celebra\u00e7\u00e3o eucar\u00edstica, e som ao vivo. Todos os dias, tamb\u00e9m vai acontecer, \u00e0s 18h, a ora\u00e7\u00e3o do\u00a0\u00a0ter\u00e7o e santo of\u00edcio.<u><\/u><u><\/u><\/em><\/p>\n<p class=\"m_4598498880954348326xgmail-msonospacing\"><em>Dia 9, a missa dos enfermos acontece \u00e0s 16h.<u><\/u><u><\/u><\/em><\/p>\n<p class=\"m_4598498880954348326xgmail-msonospacing\"><em>Vale ressaltar que a igreja matriz de Nossa Senhora de F\u00e1tima situa-se\u00a0\u00a0na Avenida Juraci Magalh\u00e3es, no bairro de F\u00e1tima, em Itabuna (BA), e tem como p\u00e1roco o Pe.Nicolau Klak.<\/em><u><\/u><u><\/u><\/p>\n<p class=\"m_4598498880954348326xgmail-msonospacing\"><em>O dia festivo come\u00e7ar\u00e1 \u00e0s 5h com a alvorada, seguida da santa missa por volta das 7h. \u00c0s 12h tem louvor a Maria e queima de fogos. No per\u00edodo da tarde, \u00e0s 15h, tem ora\u00e7\u00e3o do ter\u00e7o e o santo of\u00edcio. E \u00e0 noite, para finalizar, \u00e0s 18h, tem missa solene presidida pelo bispo diocesano Dom Carlos Alberto dos Santos, seguida da tradicional prociss\u00e3o pelas ruas do bairro com a imagem da santa.<\/em><u><\/u><u><\/u><\/p>\n<p class=\"m_4598498880954348326xgmail-msonospacing\"><em>Participe!<\/em><\/p>\n<p class=\"m_4598498880954348326xgmail-msonospacing\">Texto:Reda\u00e7\u00e3o\/Portal Cat\u00f3lico.net<\/p>\n","protected":false},"excerpt":{"rendered":"<p>A Par\u00f3quia Nossa Senhora de F\u00e1tima, situada na Avenida Juraci Magalh\u00e3es, no bairro de F\u00e1tima, em Itabuna (BA) realizar\u00e1 de\u00a03 a 13 de maio, o Noven\u00e1rio e Festa de F\u00e1tima\u00a0 que ter\u00e1 como \u00a0tema: \u201cNossa Senhora de F\u00e1tima, ensina-nos a ser sal e luz no mundo\u201d e o lema \u201cAssim brilhe a Vossa luz diante&nbsp;<\/p>\n<p><a class=\"btn btn-style\" href=\"http:\/\/portalcatolico.net\/portal\/em-maio-nossa-senhora-de-fatima-sera-celebrada-em-itabuna\/\">Continue Reading<\/a><\/p>\n","protected":false},"author":2,"featured_media":54724,"comment_status":"open","ping_status":"open","sticky":false,"template":"","format":"standard","meta":{"footnotes":""},"categories":[1],"tags":[],"class_list":["post-54723","post","type-post","status-publish","format-standard","has-post-thumbnail","hentry","category-agenda"],"_links":{"self":[{"href":"http:\/\/portalcatolico.net\/portal\/wp-json\/wp\/v2\/posts\/54723","targetHints":{"allow":["GET"]}}],"collection":[{"href":"http:\/\/portalcatolico.net\/portal\/wp-json\/wp\/v2\/posts"}],"about":[{"href":"http:\/\/portalcatolico.net\/portal\/wp-json\/wp\/v2\/types\/post"}],"author":[{"embeddable":true,"href":"http:\/\/portalcatolico.net\/portal\/wp-json\/wp\/v2\/users\/2"}],"replies":[{"embeddable":true,"href":"http:\/\/portalcatolico.net\/portal\/wp-json\/wp\/v2\/comments?post=54723"}],"version-history":[{"count":1,"href":"http:\/\/portalcatolico.net\/portal\/wp-json\/wp\/v2\/posts\/54723\/revisions"}],"predecessor-version":[{"id":54725,"href":"http:\/\/portalcatolico.net\/portal\/wp-json\/wp\/v2\/posts\/54723\/revisions\/54725"}],"wp:featuredmedia":[{"embeddable":true,"href":"http:\/\/portalcatolico.net\/portal\/wp-json\/wp\/v2\/media\/54724"}],"wp:attachment":[{"href":"http:\/\/portalcatolico.net\/portal\/wp-json\/wp\/v2\/media?parent=54723"}],"wp:term":[{"taxonomy":"category","embeddable":true,"href":"http:\/\/portalcatolico.net\/portal\/wp-json\/wp\/v2\/categories?post=54723"},{"taxonomy":"post_tag","embeddable":true,"href":"http:\/\/portalcatolico.net\/portal\/wp-json\/wp\/v2\/tags?post=54723"}],"curies":[{"name":"wp","href":"https:\/\/api.w.org\/{rel}","templated":true}]}}