{"id":54720,"date":"2018-04-29T12:41:30","date_gmt":"2018-04-29T15:41:30","guid":{"rendered":"http:\/\/portalcatolico.net\/portal\/?p=54720"},"modified":"2018-04-29T12:41:30","modified_gmt":"2018-04-29T15:41:30","slug":"papa-a-caridade-dos-cristaos-nao-nasce-de-ideologias-mas-de-jesus","status":"publish","type":"post","link":"http:\/\/portalcatolico.net\/portal\/papa-a-caridade-dos-cristaos-nao-nasce-de-ideologias-mas-de-jesus\/","title":{"rendered":"Papa: a caridade dos crist\u00e3os n\u00e3o nasce de ideologias mas de Jesus"},"content":{"rendered":"<p>Comentando o Evangelho do dia que prop\u00f5e o momento em que Jesus se apresenta como a verdadeira videira o Papa observa: &#8220;Trata-se de permanecer com o Senhor para encontrar a coragem de sair de n\u00f3s mesmos&#8221;.<\/p>\n<p>&#8220;Toda atividade, pequena ou grande que seja \u2013 o trabalho e o descanso, a vida familiar e social, o exerc\u00edcio de responsabilidades pol\u00edticas, culturais e econ\u00f4micas &#8211; toda atividade, se vivida em uni\u00e3o com Jesus e com uma atitude de amor e de servi\u00e7o, \u00e9 uma oportunidade para viver em plenitude o Batismo e a santidade evang\u00e9lica&#8221;. Foi o que disse o\u00a0<b>Papa Francisco<\/b>\u00a0na alocu\u00e7\u00e3o que precedeu neste V Domingo de P\u00e1scoa, (29\/04) a ora\u00e7\u00e3o do Regina Coeli na Pra\u00e7a S\u00e3o Pedro diante de fi\u00e9is e peregrinos de todas as partes do mundo.<\/p>\n<p>O Pont\u00edfice recordou:<i>\u00a0&#8220;o dinamismo da caridade do crente n\u00e3o \u00e9 resultado de estrat\u00e9gias, n\u00e3o nasce de solicita\u00e7\u00f5es externas, de inst\u00e2ncias sociais ou ideol\u00f3gicas, mas do encontro com Jesus e do permanecer em Jesus. Ele para n\u00f3s \u00e9 a videira da qual absorvemos a linfa, isto \u00e9, a &#8216;vida&#8217; para levar para a sociedade uma maneira diferente de viver e de se doar, o que coloca os \u00faltimos em primeiro lugar\u201d.<\/i><\/p>\n<p>Comentando o Evangelho do dia que prop\u00f5e o momento em que Jesus se apresenta como a verdadeira videira e nos convida a permanecer unidos a Ele para dar muito fruto, o Papa observa:<\/p>\n<p><i>&#8220;Trata-se de permanecer com o Senhor para encontrar a coragem de sair de n\u00f3s mesmos, de nossas comodidades, de nossos espa\u00e7os restritos e protegidos, para entrarmos no mar aberto das necessidades dos outros e dar amplo respiro ao nosso testemunho crist\u00e3o no mundo. Essa coragem de entrar nas necessidades dos outros nasce da f\u00e9 no Senhor ressuscitado e da certeza de que o seu Esp\u00edrito acompanha a nossa hist\u00f3ria\u201d.<\/i><\/p>\n<div><\/div>\n<p>\u201cUm dos frutos mais maduros que brota da comunh\u00e3o com Cristo \u00e9, de fato \u2013 acrescentou o Papa -, o compromisso de caridade para com o pr\u00f3ximo, amando os irm\u00e3os com abnega\u00e7\u00e3o de si mesmo, at\u00e9 as \u00faltimas consequ\u00eancias, como Jesus nos amou\u201d.<\/p>\n<p><i>&#8220;Quando algu\u00e9m \u00e9 \u00edntimo com o Senhor, como s\u00e3o \u00edntimos e unidos entre si a videira e os ramos, se \u00e9 capaz de produzir frutos de vida nova, de miseric\u00f3rdia, de justi\u00e7a e de paz, derivados da ressurrei\u00e7\u00e3o do Senhor\u201d.<\/i><\/p>\n<p>E o Papa recordou o santos:<i>\u00a0\u201cIsto \u00e9 o que os santos fizeram, aqueles que viveram em plenitude a vida crist\u00e3 e o testemunho da caridade, porque foram verdadeiros ramos da videira do Senhor. Mas para ser santo \u2013 recordou Francisco &#8211; n\u00e3o \u00e9 necess\u00e1rio ser bispo, sacerdote, religioso ou religiosa. Todos n\u00f3s somos chamados a ser santos vivendo com amor e oferecendo a cada um o seu testemunho no ocupa\u00e7\u00f5es de todos os dias, ali onde se encontra\u201d&#8217;.<\/i><\/p>\n<p>O Papa concluiu suas palavras pedindo a ajuda de Maria, Rainha dos Santos e modelo de perfeita comunh\u00e3o com o Filho divino.\u00a0<i>\u201cQue Ela nos ensine a permanecer em Jesus, como ramos \u00e0 videira, e a jamais nos separarmos de seu amor. De fato, nada podemos fazer sem Ele, porque a nossa vida \u00e9 Cristo vivo, presente na Igreja e no mundo\u201d.(Vatican News)<\/i><\/p>\n<p><b>Por Silvonei Jos\u00e9\u00a0<\/b><\/p>\n","protected":false},"excerpt":{"rendered":"<p>Comentando o Evangelho do dia que prop\u00f5e o momento em que Jesus se apresenta como a verdadeira videira o Papa observa: &#8220;Trata-se de permanecer com o Senhor para encontrar a coragem de sair de n\u00f3s mesmos&#8221;. &#8220;Toda atividade, pequena ou grande que seja \u2013 o trabalho e o descanso, a vida familiar e social, o&nbsp;<\/p>\n<p><a class=\"btn btn-style\" href=\"http:\/\/portalcatolico.net\/portal\/papa-a-caridade-dos-cristaos-nao-nasce-de-ideologias-mas-de-jesus\/\">Continue Reading<\/a><\/p>\n","protected":false},"author":2,"featured_media":54721,"comment_status":"open","ping_status":"open","sticky":false,"template":"","format":"standard","meta":{"footnotes":""},"categories":[5],"tags":[],"class_list":["post-54720","post","type-post","status-publish","format-standard","has-post-thumbnail","hentry","category-igreja_no_mundo"],"_links":{"self":[{"href":"http:\/\/portalcatolico.net\/portal\/wp-json\/wp\/v2\/posts\/54720","targetHints":{"allow":["GET"]}}],"collection":[{"href":"http:\/\/portalcatolico.net\/portal\/wp-json\/wp\/v2\/posts"}],"about":[{"href":"http:\/\/portalcatolico.net\/portal\/wp-json\/wp\/v2\/types\/post"}],"author":[{"embeddable":true,"href":"http:\/\/portalcatolico.net\/portal\/wp-json\/wp\/v2\/users\/2"}],"replies":[{"embeddable":true,"href":"http:\/\/portalcatolico.net\/portal\/wp-json\/wp\/v2\/comments?post=54720"}],"version-history":[{"count":1,"href":"http:\/\/portalcatolico.net\/portal\/wp-json\/wp\/v2\/posts\/54720\/revisions"}],"predecessor-version":[{"id":54722,"href":"http:\/\/portalcatolico.net\/portal\/wp-json\/wp\/v2\/posts\/54720\/revisions\/54722"}],"wp:featuredmedia":[{"embeddable":true,"href":"http:\/\/portalcatolico.net\/portal\/wp-json\/wp\/v2\/media\/54721"}],"wp:attachment":[{"href":"http:\/\/portalcatolico.net\/portal\/wp-json\/wp\/v2\/media?parent=54720"}],"wp:term":[{"taxonomy":"category","embeddable":true,"href":"http:\/\/portalcatolico.net\/portal\/wp-json\/wp\/v2\/categories?post=54720"},{"taxonomy":"post_tag","embeddable":true,"href":"http:\/\/portalcatolico.net\/portal\/wp-json\/wp\/v2\/tags?post=54720"}],"curies":[{"name":"wp","href":"https:\/\/api.w.org\/{rel}","templated":true}]}}