{"id":54646,"date":"2018-04-27T21:27:58","date_gmt":"2018-04-28T00:27:58","guid":{"rendered":"http:\/\/portalcatolico.net\/portal\/?p=54646"},"modified":"2018-04-27T21:27:58","modified_gmt":"2018-04-28T00:27:58","slug":"festa-de-nossa-senhora-do-bom-conselho-reune-multidao-em-amargosa","status":"publish","type":"post","link":"http:\/\/portalcatolico.net\/portal\/festa-de-nossa-senhora-do-bom-conselho-reune-multidao-em-amargosa\/","title":{"rendered":"Festa de Nossa Senhora do Bom Conselho re\u00fane multid\u00e3o em Amargosa"},"content":{"rendered":"<p>Aconteceu nesta quinta-feira (26\/04), a festa de Nossa Senhora do Bom Conselho, padroeira da paroquia e Diocese de Amargosa. Os festejos tiveram inicio logo cedo, ao raiar do dia com uma queima de fogos que despertou os fi\u00e9is para a intensa agenda do dia.<\/p>\n<p>As 6h da manh\u00e3 foi celebrada a primeira missa do dia, em mem\u00f3ria dos paroquianos falecidos, um pouco mais tarde, as 10h, com a igreja lotada de fi\u00e9is, foi presidida pelo Bispo Diocesano Dom Valdemir, pelo bispo em\u00e9rito Dom Jo\u00e3o Nilton, al\u00e9m da grande maioria do clero, a Eucaristia em louvor a Nossa Senhora do Bom Conselho.\u00a0A celebra\u00e7\u00e3o contou tamb\u00e9m com a presen\u00e7a do Di\u00e1cono Jorge, o qual ser\u00e1 ordenado padre no pr\u00f3ximo domingo (29), al\u00e9m de autoridades civis do munic\u00edpio de Amargosa.<\/p>\n<p>Ao fim da celebra\u00e7\u00e3o, ap\u00f3s grande expectativa, foi revelado o andor, composto de 12 estrelas, representando as 12 estrelas de Davi, bem como as 12 tribos de Israel, embaixo os dizeres \u201cSal da Terra e luz do mundo \u201d numa men\u00e7\u00e3o ao tema do ano nacional dos leigos celebrado pela igreja em 2018. Por volta das 3 horas da tarde, o p\u00e1roco Jos\u00e9 Filho, realizou um momento Mariano, com a ora\u00e7\u00e3o do ter\u00e7o e logo ap\u00f3s uma grande prociss\u00e3o percorreu as ruas principais da cidade, findando o dia com a ben\u00e7\u00e3o do Sant\u00edssimo Sacramento e queima de fogos. (PASCOM)<span id=\"more-106443\"><\/span><img loading=\"lazy\" decoding=\"async\" class=\"aligncenter size-full wp-image-106444\" src=\"http:\/\/tribunadoreconcavo.com\/wp-content\/uploads\/2018\/04\/amargosa-f-ns.jpg\" sizes=\"auto, (max-width: 720px) 100vw, 720px\" srcset=\"http:\/\/tribunadoreconcavo.com\/wp-content\/uploads\/2018\/04\/amargosa-f-ns.jpg 720w, http:\/\/tribunadoreconcavo.com\/wp-content\/uploads\/2018\/04\/amargosa-f-ns-300x124.jpg 300w, http:\/\/tribunadoreconcavo.com\/wp-content\/uploads\/2018\/04\/amargosa-f-ns-710x293.jpg 710w\" alt=\"\" width=\"720\" height=\"297\" \/><\/p>\n<p>Fotos: Divulga\u00e7\u00e3o\/ Pascom<\/p>\n<p>Fonte:Tribuna do Rec\u00f4ncavo<\/p>\n","protected":false},"excerpt":{"rendered":"<p>Aconteceu nesta quinta-feira (26\/04), a festa de Nossa Senhora do Bom Conselho, padroeira da paroquia e Diocese de Amargosa. Os festejos tiveram inicio logo cedo, ao raiar do dia com uma queima de fogos que despertou os fi\u00e9is para a intensa agenda do dia. As 6h da manh\u00e3 foi celebrada a primeira missa do dia,&nbsp;<\/p>\n<p><a class=\"btn btn-style\" href=\"http:\/\/portalcatolico.net\/portal\/festa-de-nossa-senhora-do-bom-conselho-reune-multidao-em-amargosa\/\">Continue Reading<\/a><\/p>\n","protected":false},"author":2,"featured_media":54647,"comment_status":"open","ping_status":"open","sticky":false,"template":"","format":"standard","meta":{"footnotes":""},"categories":[3],"tags":[],"class_list":["post-54646","post","type-post","status-publish","format-standard","has-post-thumbnail","hentry","category-noticias_regionais"],"_links":{"self":[{"href":"http:\/\/portalcatolico.net\/portal\/wp-json\/wp\/v2\/posts\/54646","targetHints":{"allow":["GET"]}}],"collection":[{"href":"http:\/\/portalcatolico.net\/portal\/wp-json\/wp\/v2\/posts"}],"about":[{"href":"http:\/\/portalcatolico.net\/portal\/wp-json\/wp\/v2\/types\/post"}],"author":[{"embeddable":true,"href":"http:\/\/portalcatolico.net\/portal\/wp-json\/wp\/v2\/users\/2"}],"replies":[{"embeddable":true,"href":"http:\/\/portalcatolico.net\/portal\/wp-json\/wp\/v2\/comments?post=54646"}],"version-history":[{"count":1,"href":"http:\/\/portalcatolico.net\/portal\/wp-json\/wp\/v2\/posts\/54646\/revisions"}],"predecessor-version":[{"id":54648,"href":"http:\/\/portalcatolico.net\/portal\/wp-json\/wp\/v2\/posts\/54646\/revisions\/54648"}],"wp:featuredmedia":[{"embeddable":true,"href":"http:\/\/portalcatolico.net\/portal\/wp-json\/wp\/v2\/media\/54647"}],"wp:attachment":[{"href":"http:\/\/portalcatolico.net\/portal\/wp-json\/wp\/v2\/media?parent=54646"}],"wp:term":[{"taxonomy":"category","embeddable":true,"href":"http:\/\/portalcatolico.net\/portal\/wp-json\/wp\/v2\/categories?post=54646"},{"taxonomy":"post_tag","embeddable":true,"href":"http:\/\/portalcatolico.net\/portal\/wp-json\/wp\/v2\/tags?post=54646"}],"curies":[{"name":"wp","href":"https:\/\/api.w.org\/{rel}","templated":true}]}}