{"id":54643,"date":"2018-04-27T18:58:13","date_gmt":"2018-04-27T21:58:13","guid":{"rendered":"http:\/\/portalcatolico.net\/portal\/?p=54643"},"modified":"2018-04-29T12:04:34","modified_gmt":"2018-04-29T15:04:34","slug":"16a-romaria-diocesana-da-terra-e-das-aguas-acontece-em-coaraci-neste-fim-de-semana","status":"publish","type":"post","link":"http:\/\/portalcatolico.net\/portal\/16a-romaria-diocesana-da-terra-e-das-aguas-acontece-em-coaraci-neste-fim-de-semana\/","title":{"rendered":"14\u00aa Romaria diocesana da Terra e das \u00c1guas acontece em Coaraci neste fim de semana"},"content":{"rendered":"<p class=\"m_754930586727463341xmsonormal\"><em>Neste domingo, 29 de abril, a Diocese de Ilh\u00e9us, no sul da Bahia, realiza a 14\u00aa Romaria diocesana da Terra e das \u00c1guas na paroquia Nossa Senhora de Lourdes em Coaraci. As\u00a0\u00a0caravanas ser\u00e3o\u00a0\u00a0acolhidas \u00e0s 7h na entrada da cidade, na Associa\u00e7\u00e3o Atl\u00e9tica\u00a0 do Banco do Brasil (AABB). \u00c0s 9h, a caminhada percorrera a BA 262, al\u00e9m de ruas e avenidas da cidade at\u00e9 a pra\u00e7a de eventos.<\/em><\/p>\n<p class=\"m_754930586727463341xmsonormal\"><em>A Romaria da Terra e das \u00c1guas est\u00e1 sendo promovida pela Diocese de Ilh\u00e9us, pois a\u00a0\u00a0Igreja Matriz de Nossa Senhora de Lourdes\u00a0\u00a0est\u00e1 em festa com os preparativos para festejar o Jubileu de Ouro. Neste fim de semana, a estimativa \u00e9 que pelo menos 2000 mil cat\u00f3licos compare\u00e7am \u00e0 Romaria, visto que as v\u00e1rias cidades que comp\u00f5em as mais de 40 par\u00f3quias da Diocese de Ilh\u00e9us ir\u00e3o participar.\u00a0\u00a0<\/em><u><\/u><u><\/u><\/p>\n<p class=\"m_754930586727463341xgmail-msonospacing\"><em>Em sua XIV edi\u00e7\u00e3o, o evento contar\u00e1 com uma programa\u00e7\u00e3o especial, repleta de shows, apresenta\u00e7\u00f5es culturais, missas, entre outros momentos de evangeliza\u00e7\u00e3o.<u><\/u><u><\/u><\/em><\/p>\n<p class=\"m_754930586727463341xgmail-msonospacing\" style=\"text-align: center;\"><u><\/u>\u00a0<em><b>Confira a programa\u00e7\u00e3o<\/b><\/em><\/p>\n<p class=\"m_754930586727463341xgmail-msonospacing\"><em>9h: In\u00edcio da Caminhada com a anima\u00e7\u00e3o da banda W\u00eaba<\/em><u><\/u><u><\/u><\/p>\n<p class=\"m_754930586727463341xgmail-msonospacing\"><em>10h30: Palavra do bispo Diocesano Dom Mauro Montagnoli (Pra\u00e7a de Eventos)<\/em><u><\/u><u><\/u><\/p>\n<p class=\"m_754930586727463341xgmail-msonospacing\"><em>Mon\u00f3logo: C\u00e2ntico das Criaturas<\/em><u><\/u><u><\/u><\/p>\n<p class=\"m_754930586727463341xgmail-msonospacing\"><em>Palestra<\/em><u><\/u><u><\/u><\/p>\n<p class=\"m_754930586727463341xgmail-msonospacing\"><em>12h Almo\u00e7o<\/em><u><\/u><u><\/u><\/p>\n<p class=\"m_754930586727463341xgmail-msonospacing\"><em>13h Apresenta\u00e7\u00f5es<\/em><u><\/u><u><\/u><\/p>\n<p class=\"m_754930586727463341xgmail-msonospacing\"><em>14h Show com o\u00a0\u00a0padre Jos\u00e9 Alvino de Cristo (padre Cristo)- p\u00e1roco na Capelania S\u00e3o Paulo Ap\u00f3stolo-Diocese de ilh\u00e9us.<\/em><u><\/u><u><\/u><\/p>\n<p class=\"m_754930586727463341xgmail-msonospacing\"><em>15h Celebra\u00e7\u00e3o Eucar\u00edstica Missa (com a anima\u00e7\u00e3o do Minist\u00e9rio Trindade Santa)<\/em><u><\/u><u><\/u><\/p>\n<p class=\"m_754930586727463341xgmail-msonospacing\"><em>Participe!<\/em><\/p>\n<p class=\"m_754930586727463341xgmail-msonospacing\">Por:Reda\u00e7\u00e3o\/Portal Cat\u00f3lico<\/p>\n<p>&nbsp;<\/p>\n","protected":false},"excerpt":{"rendered":"<p>Neste domingo, 29 de abril, a Diocese de Ilh\u00e9us, no sul da Bahia, realiza a 14\u00aa Romaria diocesana da Terra e das \u00c1guas na paroquia Nossa Senhora de Lourdes em Coaraci. As\u00a0\u00a0caravanas ser\u00e3o\u00a0\u00a0acolhidas \u00e0s 7h na entrada da cidade, na Associa\u00e7\u00e3o Atl\u00e9tica\u00a0 do Banco do Brasil (AABB). \u00c0s 9h, a caminhada percorrera a BA 262,&nbsp;<\/p>\n<p><a class=\"btn btn-style\" href=\"http:\/\/portalcatolico.net\/portal\/16a-romaria-diocesana-da-terra-e-das-aguas-acontece-em-coaraci-neste-fim-de-semana\/\">Continue Reading<\/a><\/p>\n","protected":false},"author":2,"featured_media":54644,"comment_status":"open","ping_status":"open","sticky":false,"template":"","format":"standard","meta":{"footnotes":""},"categories":[1],"tags":[],"class_list":["post-54643","post","type-post","status-publish","format-standard","has-post-thumbnail","hentry","category-agenda"],"_links":{"self":[{"href":"http:\/\/portalcatolico.net\/portal\/wp-json\/wp\/v2\/posts\/54643","targetHints":{"allow":["GET"]}}],"collection":[{"href":"http:\/\/portalcatolico.net\/portal\/wp-json\/wp\/v2\/posts"}],"about":[{"href":"http:\/\/portalcatolico.net\/portal\/wp-json\/wp\/v2\/types\/post"}],"author":[{"embeddable":true,"href":"http:\/\/portalcatolico.net\/portal\/wp-json\/wp\/v2\/users\/2"}],"replies":[{"embeddable":true,"href":"http:\/\/portalcatolico.net\/portal\/wp-json\/wp\/v2\/comments?post=54643"}],"version-history":[{"count":2,"href":"http:\/\/portalcatolico.net\/portal\/wp-json\/wp\/v2\/posts\/54643\/revisions"}],"predecessor-version":[{"id":54718,"href":"http:\/\/portalcatolico.net\/portal\/wp-json\/wp\/v2\/posts\/54643\/revisions\/54718"}],"wp:featuredmedia":[{"embeddable":true,"href":"http:\/\/portalcatolico.net\/portal\/wp-json\/wp\/v2\/media\/54644"}],"wp:attachment":[{"href":"http:\/\/portalcatolico.net\/portal\/wp-json\/wp\/v2\/media?parent=54643"}],"wp:term":[{"taxonomy":"category","embeddable":true,"href":"http:\/\/portalcatolico.net\/portal\/wp-json\/wp\/v2\/categories?post=54643"},{"taxonomy":"post_tag","embeddable":true,"href":"http:\/\/portalcatolico.net\/portal\/wp-json\/wp\/v2\/tags?post=54643"}],"curies":[{"name":"wp","href":"https:\/\/api.w.org\/{rel}","templated":true}]}}