{"id":54639,"date":"2018-04-26T22:35:37","date_gmt":"2018-04-27T01:35:37","guid":{"rendered":"http:\/\/portalcatolico.net\/portal\/?p=54639"},"modified":"2018-04-26T22:35:37","modified_gmt":"2018-04-27T01:35:37","slug":"hoje-a-igreja-celebra-os-papas-santo-anacleto-e-sao-marcelino","status":"publish","type":"post","link":"http:\/\/portalcatolico.net\/portal\/hoje-a-igreja-celebra-os-papas-santo-anacleto-e-sao-marcelino\/","title":{"rendered":"Hoje a Igreja celebra os Papas Santo Anacleto e S\u00e3o Marcelino"},"content":{"rendered":"<p>Com uma s\u00f3 men\u00e7\u00e3o, a\u00a0Igreja\u00a0celebra em 26 de abril estes dois santos que t\u00eam em comum apenas o fato de terem sido Sumos Pont\u00edfices, pois suas vidas e hist\u00f3rias est\u00e3o separadas por mais de dois s\u00e9culos.<\/p>\n<p>Santo Anacleto foi o terceiro Papa da Igreja, depois de S\u00e3o Pedro e de S\u00e3o Lino. \u00c9 referido em diversos escritos como Cleto, Anacleto ou Anencleto, mas sempre se trata da mesma pessoa.<\/p>\n<p>S\u00e3o Pedro o conheceu, batizou e ordenou sacerdote na igreja de Roma. Ele e seu predecessor Lino foram os principais disc\u00edpulos do primeiro Papa.<\/p>\n<p>Segundo o\u00a0<em>Liber Pontificalis<\/em>\u00a0ou Livro dos Papas, \u201cCleto\u201d ocupou a c\u00e1tedra de S\u00e3o Pedro durante os imp\u00e9rios de Vespasiano e Tito. Ocupou-se dos necessitados com esmolas, incentivou os primeiros crist\u00e3os que eram perseguidos e ordenou um determinado n\u00famero de sacerdotes.<\/p>\n<p>Sob o mandato do imperador Domiciano, foi capturado e martirizado por volta do ano 90. Seu corpo \u00e9 conservado na igreja de S\u00e3o Pedro, no Vaticano.<\/p>\n<p>Por outro lado, S\u00e3o Marcelino, que foi eleito Papa em 30 de junho de 296, teve seu Pontificado durante a \u00faltima e talvez a maior persegui\u00e7\u00e3o realizada pelo imperador Diocleciano.<\/p>\n<p>Esta persegui\u00e7\u00e3o, cujos severos editos contra os crist\u00e3os foram executados pelo augusto e co-imperador Maximiano Herc\u00faleo, causou a maior confus\u00e3o na Igreja romana depois do ano 303. Marcelino morreu em 304, muito provavelmente, de morte natural.<\/p>\n<p>Nenhuma fonte confi\u00e1vel dos s\u00e9culos IV e V o mencionam como m\u00e1rtir. Seu corpo foi sepultado na Catacumba de Priscila na Via Salaria.(ACI Digital)<\/p>\n<p>Por Diego L\u00f3pez Marina<\/p>\n","protected":false},"excerpt":{"rendered":"<p>Com uma s\u00f3 men\u00e7\u00e3o, a\u00a0Igreja\u00a0celebra em 26 de abril estes dois santos que t\u00eam em comum apenas o fato de terem sido Sumos Pont\u00edfices, pois suas vidas e hist\u00f3rias est\u00e3o separadas por mais de dois s\u00e9culos. Santo Anacleto foi o terceiro Papa da Igreja, depois de S\u00e3o Pedro e de S\u00e3o Lino. \u00c9 referido em&nbsp;<\/p>\n<p><a class=\"btn btn-style\" href=\"http:\/\/portalcatolico.net\/portal\/hoje-a-igreja-celebra-os-papas-santo-anacleto-e-sao-marcelino\/\">Continue Reading<\/a><\/p>\n","protected":false},"author":2,"featured_media":54640,"comment_status":"open","ping_status":"open","sticky":false,"template":"","format":"standard","meta":{"footnotes":""},"categories":[5],"tags":[],"class_list":["post-54639","post","type-post","status-publish","format-standard","has-post-thumbnail","hentry","category-igreja_no_mundo"],"_links":{"self":[{"href":"http:\/\/portalcatolico.net\/portal\/wp-json\/wp\/v2\/posts\/54639","targetHints":{"allow":["GET"]}}],"collection":[{"href":"http:\/\/portalcatolico.net\/portal\/wp-json\/wp\/v2\/posts"}],"about":[{"href":"http:\/\/portalcatolico.net\/portal\/wp-json\/wp\/v2\/types\/post"}],"author":[{"embeddable":true,"href":"http:\/\/portalcatolico.net\/portal\/wp-json\/wp\/v2\/users\/2"}],"replies":[{"embeddable":true,"href":"http:\/\/portalcatolico.net\/portal\/wp-json\/wp\/v2\/comments?post=54639"}],"version-history":[{"count":1,"href":"http:\/\/portalcatolico.net\/portal\/wp-json\/wp\/v2\/posts\/54639\/revisions"}],"predecessor-version":[{"id":54641,"href":"http:\/\/portalcatolico.net\/portal\/wp-json\/wp\/v2\/posts\/54639\/revisions\/54641"}],"wp:featuredmedia":[{"embeddable":true,"href":"http:\/\/portalcatolico.net\/portal\/wp-json\/wp\/v2\/media\/54640"}],"wp:attachment":[{"href":"http:\/\/portalcatolico.net\/portal\/wp-json\/wp\/v2\/media?parent=54639"}],"wp:term":[{"taxonomy":"category","embeddable":true,"href":"http:\/\/portalcatolico.net\/portal\/wp-json\/wp\/v2\/categories?post=54639"},{"taxonomy":"post_tag","embeddable":true,"href":"http:\/\/portalcatolico.net\/portal\/wp-json\/wp\/v2\/tags?post=54639"}],"curies":[{"name":"wp","href":"https:\/\/api.w.org\/{rel}","templated":true}]}}