{"id":54635,"date":"2018-04-25T23:10:29","date_gmt":"2018-04-26T02:10:29","guid":{"rendered":"http:\/\/portalcatolico.net\/portal\/?p=54635"},"modified":"2018-04-26T06:11:02","modified_gmt":"2018-04-26T09:11:02","slug":"franciscanos-800-anos-em-portugal-memoria-e-vivencia","status":"publish","type":"post","link":"http:\/\/portalcatolico.net\/portal\/franciscanos-800-anos-em-portugal-memoria-e-vivencia\/","title":{"rendered":"Franciscanos: 800 anos em Portugal \u2013 Mem\u00f3ria e Viv\u00eancia"},"content":{"rendered":"<p>Entre hoje, 25\/04, at\u00e9 o dia 28 de abril, os Franciscanos em Portugal (Ordem dos Frades Menores, os Franciscanos Capuchinhos e os Conventuais e a Ordem Franciscana Secular) e o Centro de Estudos de Hist\u00f3ria Religiosa, da Universidade Cat\u00f3lica Portuguesa, promovem diversas atividades para o encerramento das comemora\u00e7\u00f5es dos \u2018Oito s\u00e9culos da presen\u00e7a franciscana em Portugal &#8211; Mem\u00f3ria e Viv\u00eancia&#8217;.<\/p>\n<p>De acordo com o programa distribu\u00eddo \u00e0 imprensa pelos organizadores as iniciativas que encerram as comemora\u00e7\u00f5es dos 800 anos de presen\u00e7a Franciscana em Portugal come\u00e7am com um \u2018Cap\u00edtulo das Esteiras&#8217;, no dia 25 de abril, com visita ao Convento da Arr\u00e1bida, em Set\u00fabal.<\/p>\n<p>A partir das 15h00 vai realizar-se um ciclo de confer\u00eancias no Semin\u00e1rio franciscano da Luz, em Lisboa, com tr\u00eas encontros programados, at\u00e9 \u00e0s 17h00. Em seguida, est\u00e1 previsto um momento musical com o Coro Gregoriano Solemnis.<\/p>\n<p>Nos dois dias seguintes, 26 e 27 de abril, a Universidade Cat\u00f3lica Portuguesa, em Lisboa, oferece Jornadas de Estudo, no Audit\u00f3rio Cardeal Medeiros e na Sala de Exposi\u00e7\u00f5es.<\/p>\n<p>Os trabalhos tem seu in\u00edcio com uma confer\u00eancia que continua com sess\u00f5es paralelas em formato de mesa-redonda ou de painel tem\u00e1tico. Ainda no primeiro dia \u00e9 inaugurada uma Exposi\u00e7\u00e3o bibliogr\u00e1fica Franciscana.<\/p>\n<p>Ainda de acordo com o programa distribu\u00eddo pelos organizadores dos eventos, no dia 28 de abril, acontece uma visita de estudo que leva os participantes ao convento e Pal\u00e1cio Nacional de Mafra. Sendo que o encerramento da iniciativa \u00e9 no Convento de Varatojo, dos Frades Menores, em Torres Vedras.(Gaudiumpress)<\/p>\n<p>&nbsp;<\/p>\n","protected":false},"excerpt":{"rendered":"<p>Entre hoje, 25\/04, at\u00e9 o dia 28 de abril, os Franciscanos em Portugal (Ordem dos Frades Menores, os Franciscanos Capuchinhos e os Conventuais e a Ordem Franciscana Secular) e o Centro de Estudos de Hist\u00f3ria Religiosa, da Universidade Cat\u00f3lica Portuguesa, promovem diversas atividades para o encerramento das comemora\u00e7\u00f5es dos \u2018Oito s\u00e9culos da presen\u00e7a franciscana em&nbsp;<\/p>\n<p><a class=\"btn btn-style\" href=\"http:\/\/portalcatolico.net\/portal\/franciscanos-800-anos-em-portugal-memoria-e-vivencia\/\">Continue Reading<\/a><\/p>\n","protected":false},"author":2,"featured_media":54636,"comment_status":"open","ping_status":"open","sticky":false,"template":"","format":"standard","meta":{"footnotes":""},"categories":[3],"tags":[],"class_list":["post-54635","post","type-post","status-publish","format-standard","has-post-thumbnail","hentry","category-noticias_regionais"],"_links":{"self":[{"href":"http:\/\/portalcatolico.net\/portal\/wp-json\/wp\/v2\/posts\/54635","targetHints":{"allow":["GET"]}}],"collection":[{"href":"http:\/\/portalcatolico.net\/portal\/wp-json\/wp\/v2\/posts"}],"about":[{"href":"http:\/\/portalcatolico.net\/portal\/wp-json\/wp\/v2\/types\/post"}],"author":[{"embeddable":true,"href":"http:\/\/portalcatolico.net\/portal\/wp-json\/wp\/v2\/users\/2"}],"replies":[{"embeddable":true,"href":"http:\/\/portalcatolico.net\/portal\/wp-json\/wp\/v2\/comments?post=54635"}],"version-history":[{"count":1,"href":"http:\/\/portalcatolico.net\/portal\/wp-json\/wp\/v2\/posts\/54635\/revisions"}],"predecessor-version":[{"id":54637,"href":"http:\/\/portalcatolico.net\/portal\/wp-json\/wp\/v2\/posts\/54635\/revisions\/54637"}],"wp:featuredmedia":[{"embeddable":true,"href":"http:\/\/portalcatolico.net\/portal\/wp-json\/wp\/v2\/media\/54636"}],"wp:attachment":[{"href":"http:\/\/portalcatolico.net\/portal\/wp-json\/wp\/v2\/media?parent=54635"}],"wp:term":[{"taxonomy":"category","embeddable":true,"href":"http:\/\/portalcatolico.net\/portal\/wp-json\/wp\/v2\/categories?post=54635"},{"taxonomy":"post_tag","embeddable":true,"href":"http:\/\/portalcatolico.net\/portal\/wp-json\/wp\/v2\/tags?post=54635"}],"curies":[{"name":"wp","href":"https:\/\/api.w.org\/{rel}","templated":true}]}}