{"id":54632,"date":"2018-04-26T06:01:41","date_gmt":"2018-04-26T09:01:41","guid":{"rendered":"http:\/\/portalcatolico.net\/portal\/?p=54632"},"modified":"2018-04-26T06:01:41","modified_gmt":"2018-04-26T09:01:41","slug":"religiosa-ermita-compartilha-sua-mensagem-apos-16-anos-em-silencio-total","status":"publish","type":"post","link":"http:\/\/portalcatolico.net\/portal\/religiosa-ermita-compartilha-sua-mensagem-apos-16-anos-em-silencio-total\/","title":{"rendered":"Religiosa ermit\u00e3 compartilha sua mensagem ap\u00f3s 16 anos em sil\u00eancio total"},"content":{"rendered":"<p>A Irm\u00e3 Miriam de la Cruz, religiosa do Convento Carmelita do Amor Misericordioso na cidade de Szczecin, Pol\u00f4nia, vive uma particular &#8220;voca\u00e7\u00e3o dentro da voca\u00e7\u00e3o&#8221;. Sendo uma ermit\u00e3 e levando um voto de sil\u00eancio durante 16 anos, seu testemunho leva ao mundo uma mensagem sobre a riqueza da rela\u00e7\u00e3o \u00edntima com Deus.<\/p>\n<p>&#8220;\u00c9 extremadamente dif\u00edcil expressar em palavras qu\u00e3o feliz \u00e9 a vida em amizade com Nosso Senhor e em contato incessante com Ele&#8221;, exp\u00f4s a religiosa em um escrito divulgado pela plataforma Aleteia. &#8220;Que amigo t\u00e3o fiel, generoso, am\u00e1vel, gracioso, engenhoso e amoroso \u00e9 Ele&#8221;. A ermit\u00e3 explicou que a amizade de Deus &#8220;satisfaz todos os desejos do cora\u00e7\u00e3o humano e \u00e9 uma rela\u00e7\u00e3o que sana todas as feridas e liberta de todas as limita\u00e7\u00f5es&#8221;. Jesus Cristo &#8220;tenha piedade de nossas debilidades e mostre uma generosidade insuper\u00e1vel&#8221;.<\/p>\n<p>Para seguir sua voca\u00e7\u00e3o especial, a Irm\u00e3 Miriam teve que ser dispensada de seus votos na ordem Carmelita e tomar novos votos de ermit\u00e3 ante o Bispo de Szczecin-Kamien, Dom Kazimierz Jan Majdanski, em 1988. Desde 2001, a religiosa realizou votos de sil\u00eancio perp\u00e9tuo. Em uma carta escrita em 2006, a Irm\u00e3 Miriam exp\u00f4s o sentido de seu particular modo de vida.<\/p>\n<p>&#8220;O sil\u00eancio \u00e9 muito duro para nossa natureza, tamb\u00e9m para mim. No entanto, a vida social humana \u00e9 poss\u00edvel gra\u00e7as a uma certa dial\u00e9tica do sil\u00eancio e o falar, a contempla\u00e7\u00e3o e a rela\u00e7\u00e3o, o liberar-se dos desejos do mundo e o desfrutar do mundo&#8221;, comentou. &#8220;Por este motivo o papel do sil\u00eancio na comunica\u00e7\u00e3o interpessoal, nas rela\u00e7\u00f5es, parece crucial e verdadeiramente necess\u00e1rio para obter alguma harmonia. \u00c9 comunica\u00e7\u00e3o o que sucede dentro do esp\u00edrito, onde a plena aten\u00e7\u00e3o, a amabilidade, a solicitude pelo outro e o respeito se originam. H\u00e1 uma estreita correla\u00e7\u00e3o entre o sil\u00eancio e o falar e tudo nasce do sil\u00eancio&#8221;.<\/p>\n<p>De uma forma surpreendente, esta ermit\u00e3 n\u00e3o vive em um lugar apartado, mas em uma casa separada do convento carmelita por apenas um muro, junto a um complexo que inclui uma escola prim\u00e1ria, uma cl\u00ednica de oncologia, uma casa de retiros, uma casa paroquial e um ref\u00fagio da C\u00e1ritas para pessoas sem lar. Em meio do agitado servi\u00e7o caritativo vive a ermit\u00e3, a \u00fanica mulher com voto de sil\u00eancio na Pol\u00f4nia, como pulm\u00e3o espiritual de uma ativa comunidade cat\u00f3lica.<\/p>\n<p>Fonte:Gaudium Press<\/p>\n","protected":false},"excerpt":{"rendered":"<p>A Irm\u00e3 Miriam de la Cruz, religiosa do Convento Carmelita do Amor Misericordioso na cidade de Szczecin, Pol\u00f4nia, vive uma particular &#8220;voca\u00e7\u00e3o dentro da voca\u00e7\u00e3o&#8221;. Sendo uma ermit\u00e3 e levando um voto de sil\u00eancio durante 16 anos, seu testemunho leva ao mundo uma mensagem sobre a riqueza da rela\u00e7\u00e3o \u00edntima com Deus. &#8220;\u00c9 extremadamente dif\u00edcil&nbsp;<\/p>\n<p><a class=\"btn btn-style\" href=\"http:\/\/portalcatolico.net\/portal\/religiosa-ermita-compartilha-sua-mensagem-apos-16-anos-em-silencio-total\/\">Continue Reading<\/a><\/p>\n","protected":false},"author":2,"featured_media":54633,"comment_status":"open","ping_status":"open","sticky":false,"template":"","format":"standard","meta":{"footnotes":""},"categories":[69],"tags":[],"class_list":["post-54632","post","type-post","status-publish","format-standard","has-post-thumbnail","hentry","category-artigos"],"_links":{"self":[{"href":"http:\/\/portalcatolico.net\/portal\/wp-json\/wp\/v2\/posts\/54632","targetHints":{"allow":["GET"]}}],"collection":[{"href":"http:\/\/portalcatolico.net\/portal\/wp-json\/wp\/v2\/posts"}],"about":[{"href":"http:\/\/portalcatolico.net\/portal\/wp-json\/wp\/v2\/types\/post"}],"author":[{"embeddable":true,"href":"http:\/\/portalcatolico.net\/portal\/wp-json\/wp\/v2\/users\/2"}],"replies":[{"embeddable":true,"href":"http:\/\/portalcatolico.net\/portal\/wp-json\/wp\/v2\/comments?post=54632"}],"version-history":[{"count":1,"href":"http:\/\/portalcatolico.net\/portal\/wp-json\/wp\/v2\/posts\/54632\/revisions"}],"predecessor-version":[{"id":54634,"href":"http:\/\/portalcatolico.net\/portal\/wp-json\/wp\/v2\/posts\/54632\/revisions\/54634"}],"wp:featuredmedia":[{"embeddable":true,"href":"http:\/\/portalcatolico.net\/portal\/wp-json\/wp\/v2\/media\/54633"}],"wp:attachment":[{"href":"http:\/\/portalcatolico.net\/portal\/wp-json\/wp\/v2\/media?parent=54632"}],"wp:term":[{"taxonomy":"category","embeddable":true,"href":"http:\/\/portalcatolico.net\/portal\/wp-json\/wp\/v2\/categories?post=54632"},{"taxonomy":"post_tag","embeddable":true,"href":"http:\/\/portalcatolico.net\/portal\/wp-json\/wp\/v2\/tags?post=54632"}],"curies":[{"name":"wp","href":"https:\/\/api.w.org\/{rel}","templated":true}]}}