{"id":54629,"date":"2018-04-25T20:02:05","date_gmt":"2018-04-25T23:02:05","guid":{"rendered":"http:\/\/portalcatolico.net\/portal\/?p=54629"},"modified":"2018-04-25T20:02:05","modified_gmt":"2018-04-25T23:02:05","slug":"papa-nomeia-arcebispo-de-mariana-e-bispo-de-paranavai","status":"publish","type":"post","link":"http:\/\/portalcatolico.net\/portal\/papa-nomeia-arcebispo-de-mariana-e-bispo-de-paranavai\/","title":{"rendered":"Papa nomeia Arcebispo de Mariana e Bispo de Paranava\u00ed"},"content":{"rendered":"<p>O Papa Francisco fez duas nomea\u00e7\u00f5es para o episcopado brasileiro nesta quarta-feira: Dom Airton Jos\u00e9 dos Santos passa a ser o novo Arcebispo de Mariana (MG) e Padre M\u00e1rio Spaki para a Diocese de Paranava\u00ed (PR).<\/p>\n<p>Na Arquidiocese de Mariana, Dom Airton, que at\u00e9 ent\u00e3o era Arcebispo de Campinas (SP), suceder\u00e1 Dom Geraldo Lyrio Rocha, que teve a sua ren\u00fancia por motivos de idade aceita pelo Papa Francisco.<\/p>\n<p>Nascido em 25 de junho de 1956 em Bom Repouso (MG), Dom Airton estudou Filosofia e Teologia em S\u00e3o Paulo e Direito Can\u00f4nico na Pontif\u00edcia Universidade Gregoriana de Roma.<\/p>\n<p>Foi ordenado sacerdote em 8 de dezembro de 1985, incardinado na Diocese de Santo Andr\u00e9 (SP), onde serviu como vig\u00e1rio paroquial, reitor de semin\u00e1rio, vig\u00e1rio regional, membro do Conselho Presbiteral e do Col\u00e9gio de Consultores, coordenador diocesano da Pastoral Vocacional e da Pastoral Familiar, p\u00e1roco e chanceler e ec\u00f4nomo diocesano.<\/p>\n<p>Em 19 de dezembro de 2001, foi nomeado Bispo auxiliar de Santo Andr\u00e9, tendo recebido a ordena\u00e7\u00e3o episcopal em 2 de mar\u00e7o de 2002. Em agosto de 2004, foi nomeado Bispo de Mogi das Cruzes (SP) e, em 15 de fevereiro de 2012, Arcebispo de Campinas.<\/p>\n<p>Em seu minist\u00e9rio episcopal, j\u00e1 exerceu as fun\u00e7\u00f5es de secret\u00e1rio do Conselho Episcopal Regional Sul 1 da Confer\u00eancia Nacional dos\u00a0Bispos\u00a0do Brasil (CNBB) e presidente da Comiss\u00e3o para a Liturgia.<\/p>\n<p>Em \u00e2mbito nacional, foi presidente da Comiss\u00e3o Episcopal para os Tribunais Eclesi\u00e1sticos de segunda inst\u00e2ncia e membro da Comiss\u00e3o Episcopal para a implementa\u00e7\u00e3o do Acordo Brasil-Santa S\u00e9.<\/p>\n<p>Atualmente, ele preside o Conselho Episcopal Regional Sul 1 da CNBB, que corresponde \u00e0s dioceses do estado de S\u00e3o Paulo.<\/p>\n<p>J\u00e1 para a Diocese de Paranava\u00ed (PR), o Santo Padre nomeou como Bispo Padre M\u00e1rio Spaki, do clero da Diocese de Ponta Grossa (PR) e atual secret\u00e1rio-executivo do Conselho Episcopal Regional Sul 2 da CNBB.<\/p>\n<p>Nasceu em 14 de dezembro de 1971 em Irati (PR). Estudou Teologia pela Faculdade Gregoriana de Roma e Filosofia no Instituto de Filosofia e Teologia Mater Ecclesiae (IFITIME), da Diocese de Ponta Grossa. Tamb\u00e9m cursou Jornalismo na Pontif\u00edcia Universidade Cat\u00f3lica do Paran\u00e1, em Curitiba.<\/p>\n<p>Foi ordenado sacerdote em 3 de agosto de 2003, incardinado na Diocese de Ponta Grossa, na qual atuou como vig\u00e1rio e reitor do Semin\u00e1rio de Filosofia S\u00e3o Jos\u00e9.(ACI Digital)<\/p>\n<p>Dom Airton Jos\u00e9 dos Santos e Padre M\u00e1rio Spaki \/ Fotos: CNBB<\/p>\n","protected":false},"excerpt":{"rendered":"<p>O Papa Francisco fez duas nomea\u00e7\u00f5es para o episcopado brasileiro nesta quarta-feira: Dom Airton Jos\u00e9 dos Santos passa a ser o novo Arcebispo de Mariana (MG) e Padre M\u00e1rio Spaki para a Diocese de Paranava\u00ed (PR). Na Arquidiocese de Mariana, Dom Airton, que at\u00e9 ent\u00e3o era Arcebispo de Campinas (SP), suceder\u00e1 Dom Geraldo Lyrio Rocha,&nbsp;<\/p>\n<p><a class=\"btn btn-style\" href=\"http:\/\/portalcatolico.net\/portal\/papa-nomeia-arcebispo-de-mariana-e-bispo-de-paranavai\/\">Continue Reading<\/a><\/p>\n","protected":false},"author":2,"featured_media":54630,"comment_status":"open","ping_status":"open","sticky":false,"template":"","format":"standard","meta":{"footnotes":""},"categories":[3],"tags":[],"class_list":["post-54629","post","type-post","status-publish","format-standard","has-post-thumbnail","hentry","category-noticias_regionais"],"_links":{"self":[{"href":"http:\/\/portalcatolico.net\/portal\/wp-json\/wp\/v2\/posts\/54629","targetHints":{"allow":["GET"]}}],"collection":[{"href":"http:\/\/portalcatolico.net\/portal\/wp-json\/wp\/v2\/posts"}],"about":[{"href":"http:\/\/portalcatolico.net\/portal\/wp-json\/wp\/v2\/types\/post"}],"author":[{"embeddable":true,"href":"http:\/\/portalcatolico.net\/portal\/wp-json\/wp\/v2\/users\/2"}],"replies":[{"embeddable":true,"href":"http:\/\/portalcatolico.net\/portal\/wp-json\/wp\/v2\/comments?post=54629"}],"version-history":[{"count":1,"href":"http:\/\/portalcatolico.net\/portal\/wp-json\/wp\/v2\/posts\/54629\/revisions"}],"predecessor-version":[{"id":54631,"href":"http:\/\/portalcatolico.net\/portal\/wp-json\/wp\/v2\/posts\/54629\/revisions\/54631"}],"wp:featuredmedia":[{"embeddable":true,"href":"http:\/\/portalcatolico.net\/portal\/wp-json\/wp\/v2\/media\/54630"}],"wp:attachment":[{"href":"http:\/\/portalcatolico.net\/portal\/wp-json\/wp\/v2\/media?parent=54629"}],"wp:term":[{"taxonomy":"category","embeddable":true,"href":"http:\/\/portalcatolico.net\/portal\/wp-json\/wp\/v2\/categories?post=54629"},{"taxonomy":"post_tag","embeddable":true,"href":"http:\/\/portalcatolico.net\/portal\/wp-json\/wp\/v2\/tags?post=54629"}],"curies":[{"name":"wp","href":"https:\/\/api.w.org\/{rel}","templated":true}]}}