{"id":54625,"date":"2018-04-25T19:14:12","date_gmt":"2018-04-25T22:14:12","guid":{"rendered":"http:\/\/portalcatolico.net\/portal\/?p=54625"},"modified":"2018-04-25T19:15:06","modified_gmt":"2018-04-25T22:15:06","slug":"a-diocese-de-itabuna-e-formada-por-tres-faronias","status":"publish","type":"post","link":"http:\/\/portalcatolico.net\/portal\/a-diocese-de-itabuna-e-formada-por-tres-faronias\/","title":{"rendered":"A Diocese de Itabuna \u00e9 formada por tr\u00eas faronias"},"content":{"rendered":"<p><em>No \u00faltimo dia 21 de Abril na Par\u00f3quia S\u00e3o Judas Tadeu foi realizado a primeira reuni\u00e3o ampliada da Forania Centro, com uma m\u00e9dia de 80 participantes de todas as par\u00f3quias da forania centro. INFORMAMOS que a nossa diocese voltou a ter as seguintes foranias Centro, Norte e Sul, lembrando que as 14 par\u00f3quias de Itabuna s\u00e3o uma forania s\u00f3. &#8220;O Documento 107 \u2013 Inicia\u00e7\u00e3o \u00e0 Vida Crist\u00e3 \u2013 a partir de agora mencionado pela sigla afirma que a resposta aos desafios da evangeliza\u00e7\u00e3o hoje, principalmente na transmiss\u00e3o da f\u00e9 crist\u00e3, depende da renova\u00e7\u00e3o da consci\u00eancia daqueles que atuam nas par\u00f3quias, em todas as pastorais, como participantes da a\u00e7\u00e3o catequ\u00e9tica. Esta postura nova \u00e9 que vai gerar a t\u00e3o desejada pastoral org\u00e2nica, que s\u00f3 acontece quando h\u00e1 um objetivo comum para todas as pastorais: ser anunciador da Boa Nova atrav\u00e9s da postura mission\u00e1ria, acolhendo aqueles que atenderem ao chamado e desejaram fazer a experi\u00eancia do encontro com Jesus.<\/em><\/p>\n<p><em> A necessidade desta renova\u00e7\u00e3o pastoral se d\u00e1 por conta da mudan\u00e7a dos interlocutores as pessoas que procuram os sacramentos. Mudaram os valores, os modelos, as alegrias, as esperan\u00e7as, as tristezas e alegrias das pessoas de hoje. Nos dias atuais a pr\u00e1tica religiosa n\u00e3o \u00e9 mais uma tradi\u00e7\u00e3o herdada da fam\u00edlia, mas \u00e9 uma escolha pessoal que \u00e9 motivada, principalmente, pela atra\u00e7\u00e3o que a comunidade crist\u00e3 exerce sobre as pessoas. Animados pela narrativa do encontro de Jesus com a Samaritana (ler com aten\u00e7\u00e3o no documento 107 -IVC \u2013 n\u00fameros 11 a 38) a Igreja \u00e9 chamada a manter um di\u00e1logo com estes novos interlocutores. Devemos lembrar sempre que se o di\u00e1logo deve ter novas metodologias, a Boa Nova anunciada \u00e9 a mesma. Por isso o Documento 107 (IVC) afirma que n\u00e3o estamos partindo do zero. H\u00e1 um passado que pode impulsionar-nos a buscar constantemente novos caminhos para que cheguemos a viver com autenticidade e zelo o seguimento de Jesus, a partilhar com Ele a miss\u00e3o de fazer acontecer o Reino no mundo de hoje, apesar das dificuldades encontradas&#8221;.<\/em><\/p>\n<p>Foto: Pascom-Diocese de Itabuna<\/p>\n<p><em>Texto: Tiago Souza<\/em><\/p>\n","protected":false},"excerpt":{"rendered":"<p>No \u00faltimo dia 21 de Abril na Par\u00f3quia S\u00e3o Judas Tadeu foi realizado a primeira reuni\u00e3o ampliada da Forania Centro, com uma m\u00e9dia de 80 participantes de todas as par\u00f3quias da forania centro. INFORMAMOS que a nossa diocese voltou a ter as seguintes foranias Centro, Norte e Sul, lembrando que as 14 par\u00f3quias de Itabuna&nbsp;<\/p>\n<p><a class=\"btn btn-style\" href=\"http:\/\/portalcatolico.net\/portal\/a-diocese-de-itabuna-e-formada-por-tres-faronias\/\">Continue Reading<\/a><\/p>\n","protected":false},"author":2,"featured_media":54626,"comment_status":"open","ping_status":"open","sticky":false,"template":"","format":"standard","meta":{"footnotes":""},"categories":[4],"tags":[],"class_list":["post-54625","post","type-post","status-publish","format-standard","has-post-thumbnail","hentry","category-destaques"],"_links":{"self":[{"href":"http:\/\/portalcatolico.net\/portal\/wp-json\/wp\/v2\/posts\/54625","targetHints":{"allow":["GET"]}}],"collection":[{"href":"http:\/\/portalcatolico.net\/portal\/wp-json\/wp\/v2\/posts"}],"about":[{"href":"http:\/\/portalcatolico.net\/portal\/wp-json\/wp\/v2\/types\/post"}],"author":[{"embeddable":true,"href":"http:\/\/portalcatolico.net\/portal\/wp-json\/wp\/v2\/users\/2"}],"replies":[{"embeddable":true,"href":"http:\/\/portalcatolico.net\/portal\/wp-json\/wp\/v2\/comments?post=54625"}],"version-history":[{"count":2,"href":"http:\/\/portalcatolico.net\/portal\/wp-json\/wp\/v2\/posts\/54625\/revisions"}],"predecessor-version":[{"id":54628,"href":"http:\/\/portalcatolico.net\/portal\/wp-json\/wp\/v2\/posts\/54625\/revisions\/54628"}],"wp:featuredmedia":[{"embeddable":true,"href":"http:\/\/portalcatolico.net\/portal\/wp-json\/wp\/v2\/media\/54626"}],"wp:attachment":[{"href":"http:\/\/portalcatolico.net\/portal\/wp-json\/wp\/v2\/media?parent=54625"}],"wp:term":[{"taxonomy":"category","embeddable":true,"href":"http:\/\/portalcatolico.net\/portal\/wp-json\/wp\/v2\/categories?post=54625"},{"taxonomy":"post_tag","embeddable":true,"href":"http:\/\/portalcatolico.net\/portal\/wp-json\/wp\/v2\/tags?post=54625"}],"curies":[{"name":"wp","href":"https:\/\/api.w.org\/{rel}","templated":true}]}}