{"id":54622,"date":"2018-04-24T19:52:41","date_gmt":"2018-04-24T22:52:41","guid":{"rendered":"http:\/\/portalcatolico.net\/portal\/?p=54622"},"modified":"2018-04-24T19:52:41","modified_gmt":"2018-04-24T22:52:41","slug":"diocese-de-itabuna-comemora-e-apoia-pre-candidaturas-de-vereadores-catolicos","status":"publish","type":"post","link":"http:\/\/portalcatolico.net\/portal\/diocese-de-itabuna-comemora-e-apoia-pre-candidaturas-de-vereadores-catolicos\/","title":{"rendered":"Diocese de Itabuna comemora e apoia pr\u00e9-candidaturas de vereadores cat\u00f3licos"},"content":{"rendered":"<p style=\"font-weight: 400;\"><em>Dois cat\u00f3licos que atualmente s\u00e3o vereadores, se apresentaram como pr\u00e9-candidatos a deputados no \u00faltimo domingo (22). Foram eles: Joceval Rodrigues (em Salvador) e o Enderson Guinho (em Itabuna). Ambos j\u00e1 realizam trabalho de evangeliza\u00e7\u00e3o antes de atuarem na C\u00e2mara. O vereador Guinho foi lan\u00e7ado como pr\u00e9-candidato a Deputado Estadual, j\u00e1 Joceval, como pr\u00e9-candidato a Deputado Federal.<\/em><\/p>\n<p style=\"font-weight: 400;\"><em>\u00a0<\/em><em>Eles estiveram presentes do Encontro Diocesano de Forma\u00e7\u00e3o que foi realizado\u00a0\u00a0na Diocese de Itabuna neste fim de semana e reuniu mais de 750 pessoas dos 19 munic\u00edpios do sul da Bahia.<\/em><\/p>\n<p style=\"font-weight: 400;\"><em>\u00a0<\/em>\u00a0\u201c(&#8230;) O nome de Guinho \u00e9 uma op\u00e7\u00e3o para a Igreja para mudar a realidade. E a gente acredita nisso porque n\u00f3s oramos, discernimos e decidimos em Assembleia que n\u00f3s estaremos defendendo tamb\u00e9m essa bandeira, sobretudo a bandeira da vida, dos direitos sociais e humanos. Em Assembleia, n\u00f3s decidimos tamb\u00e9m, em unanimidade, que no estado, em ora\u00e7\u00e3o, homologamos o nome de\u00a0<em>Joceval Rodrigues para que n\u00f3s possamos tamb\u00e9m dar esse apoio\u201d, disse Alexsandro\u00a0Nonato\u00a0, Coordenador\u00a0Diocesano da RCC\u00a0.<\/em><\/p>\n<p style=\"font-weight: 400;\"><em>Na oportunidade, Enderson Guinho tamb\u00e9m falou sobre concorrer \u00e0 elei\u00e7\u00e3o a uma vaga na Assembleia Legislativa da Bahia: \u201cHoje eu sou vereador em Itabuna, fui eleito com 23 anos, e por ser jovem, muitas vezes as pessoas n\u00e3o acreditam que n\u00f3s teremos a condi\u00e7\u00e3o de desenvolver um bom trabalho. Mas gra\u00e7as a Deus, eu tenho tido uma boa aprova\u00e7\u00e3o aqui nesta cidade. Ent\u00e3o, eu pe\u00e7o a voc\u00eas que rezem por mim e vamos assumir o nosso espa\u00e7o na sociedade, porque quando a gente acredita que ningu\u00e9m mais \u00e9 bom, n\u00f3s precisamos lan\u00e7ar. Ent\u00e3o essa \u00e9 a oportunidade que n\u00f3s temos de estar tendo representantes nossos, do nosso meio, no meio pol\u00edtico. J\u00e1 me deram a oportunidade de ser vereador e eu estou aqui lan\u00e7ando a nossa pr\u00e9-candidatura a deputado estadual.\u201d<\/em><\/p>\n<p style=\"font-weight: 400;\"><em>Joceval tamb\u00e9m falou sobre a sua pr\u00e9-candidatura: \u201cEu estou Vereador em Salvador, fui candidato a Deputado Joceval tamb\u00e9m falou sobre a sua pr\u00e9-candidatura: \u201cEu estou Vereador em Salvador, fui candidato a Deputado Federal, perdi, e agora estou recebendo a convoca\u00e7\u00e3o do Conselho Nacional da Renova\u00e7\u00e3o Carism\u00e1tica e do Conselho Estadual da Renova\u00e7\u00e3o Carism\u00e1tica e n\u00f3s, novamente, estamos tentando alcan\u00e7ar uma cadeira na C\u00e2mara Federal onde j\u00e1 tem Diego Garcia, Hugo Leal, Flavinho que era da Can\u00e7\u00e3o Nova&#8230;s\u00f3 que eles s\u00e3o poucos, est\u00e3o encontrando dificuldades em lutar (&#8230;)\u201d.<\/em><\/p>\n<p style=\"font-weight: 400;\">\u00a0<em>Os dois, \u00e9 claro, t\u00eam o apoio da Igreja\u00a0cat\u00f3lica,\u00a0principalmente das suas dioceses de origem de\u00a0Itabuna\u00a0e Salvador.<\/em><\/p>\n<p style=\"font-weight: 400;\">E o Portal Cat\u00f3lico, al\u00e9m de apoiar esses dois evangelizadores, deseja-lhes que Deus os aben\u00e7oe nessa nova jornada.<\/p>\n<p style=\"font-weight: 400;\">Foto: Valdeni Elias<\/p>\n<p>Edi\u00e7\u00e3o de texto: Anara Passos (Jornalista DRT 7574)<\/p>\n<p>&nbsp;<\/p>\n","protected":false},"excerpt":{"rendered":"<p>Dois cat\u00f3licos que atualmente s\u00e3o vereadores, se apresentaram como pr\u00e9-candidatos a deputados no \u00faltimo domingo (22). Foram eles: Joceval Rodrigues (em Salvador) e o Enderson Guinho (em Itabuna). Ambos j\u00e1 realizam trabalho de evangeliza\u00e7\u00e3o antes de atuarem na C\u00e2mara. O vereador Guinho foi lan\u00e7ado como pr\u00e9-candidato a Deputado Estadual, j\u00e1 Joceval, como pr\u00e9-candidato a Deputado&nbsp;<\/p>\n<p><a class=\"btn btn-style\" href=\"http:\/\/portalcatolico.net\/portal\/diocese-de-itabuna-comemora-e-apoia-pre-candidaturas-de-vereadores-catolicos\/\">Continue Reading<\/a><\/p>\n","protected":false},"author":2,"featured_media":54623,"comment_status":"open","ping_status":"open","sticky":false,"template":"","format":"standard","meta":{"footnotes":""},"categories":[65],"tags":[],"class_list":["post-54622","post","type-post","status-publish","format-standard","has-post-thumbnail","hentry","category-entrevistas"],"_links":{"self":[{"href":"http:\/\/portalcatolico.net\/portal\/wp-json\/wp\/v2\/posts\/54622","targetHints":{"allow":["GET"]}}],"collection":[{"href":"http:\/\/portalcatolico.net\/portal\/wp-json\/wp\/v2\/posts"}],"about":[{"href":"http:\/\/portalcatolico.net\/portal\/wp-json\/wp\/v2\/types\/post"}],"author":[{"embeddable":true,"href":"http:\/\/portalcatolico.net\/portal\/wp-json\/wp\/v2\/users\/2"}],"replies":[{"embeddable":true,"href":"http:\/\/portalcatolico.net\/portal\/wp-json\/wp\/v2\/comments?post=54622"}],"version-history":[{"count":1,"href":"http:\/\/portalcatolico.net\/portal\/wp-json\/wp\/v2\/posts\/54622\/revisions"}],"predecessor-version":[{"id":54624,"href":"http:\/\/portalcatolico.net\/portal\/wp-json\/wp\/v2\/posts\/54622\/revisions\/54624"}],"wp:featuredmedia":[{"embeddable":true,"href":"http:\/\/portalcatolico.net\/portal\/wp-json\/wp\/v2\/media\/54623"}],"wp:attachment":[{"href":"http:\/\/portalcatolico.net\/portal\/wp-json\/wp\/v2\/media?parent=54622"}],"wp:term":[{"taxonomy":"category","embeddable":true,"href":"http:\/\/portalcatolico.net\/portal\/wp-json\/wp\/v2\/categories?post=54622"},{"taxonomy":"post_tag","embeddable":true,"href":"http:\/\/portalcatolico.net\/portal\/wp-json\/wp\/v2\/tags?post=54622"}],"curies":[{"name":"wp","href":"https:\/\/api.w.org\/{rel}","templated":true}]}}