{"id":54619,"date":"2018-04-24T19:45:50","date_gmt":"2018-04-24T22:45:50","guid":{"rendered":"http:\/\/portalcatolico.net\/portal\/?p=54619"},"modified":"2018-04-24T19:45:50","modified_gmt":"2018-04-24T22:45:50","slug":"papa-pretende-confirmar-estatutos-da-comissao-para-a-tutela-dos-menores","status":"publish","type":"post","link":"http:\/\/portalcatolico.net\/portal\/papa-pretende-confirmar-estatutos-da-comissao-para-a-tutela-dos-menores\/","title":{"rendered":"Papa pretende confirmar Estatutos da Comiss\u00e3o para a Tutela dos Menores"},"content":{"rendered":"<div class=\"article__subTitle\">\u201cEsses grupos\u201d, recorda o comunicado, \u201cs\u00e3o parte integrante da estrutura de trabalho da Comiss\u00e3o e realizam pesquisas e projetos nas \u00e1reas centrais para a miss\u00e3o de fazer da Igreja \u201cuma casa segura\u201d para crian\u00e7as, adolescentes e adultos vulner\u00e1veis aos abusos.<\/div>\n<div class=\"title__separator\"><\/div>\n<div class=\"article__text\">\n<p>O Papa Francisco anunciou que tem a inten\u00e7\u00e3o de confirmar o caminho definitivo dos Estatutos da Pontif\u00edcia Comiss\u00e3o para a Tutela dos Menores (PCTM), durante a audi\u00eancia particular concedida neste s\u00e1bado (21\/04), aos membros da comiss\u00e3o.<\/p>\n<p>A not\u00edcia foi divulgada pelo organismo criado por Francisco, em mar\u00e7o de 2014, cujo presidente \u00e9 o Arcebispo de Boston, Cardeal Sean Patrick O\u2019Malley.<\/p>\n<p>Por sua vez, a comiss\u00e3o referiu ao Papa as prioridades que se refletem nos seguintes Grupos de Trabalho: \u201cTrabalhar com os sobreviventes\u201d, \u201cInstru\u00e7\u00e3o e forma\u00e7\u00e3o\u201d e \u201cDiretrizes e padr\u00f5es de prote\u00e7\u00e3o\u201d.<\/p>\n<p>\u201cEsses grupos\u201d, recorda o comunicado, \u201cs\u00e3o parte integrante da estrutura de trabalho da Comiss\u00e3o e realizam pesquisas e projetos nas \u00e1reas centrais para a miss\u00e3o de fazer da Igreja \u201cuma casa segura\u201d para crian\u00e7as, adolescentes e adultos vulner\u00e1veis aos abusos.<\/p>\n<h2><b>Encontro com o\u00a0Painel Consultivo do Sobrevivente<\/b><\/h2>\n<p>Reunida em assembleia plen\u00e1ria que se concluiu este domingo (22\/04), a Pontif\u00edcia Comiss\u00e3o para a Prote\u00e7\u00e3o dos Menores dedicou o primeiro dia \u00e0 escuta dos membros do Painel Consultivo do Sobrevivente (Survivor Advisory Panel) da Comiss\u00e3o Nacional Cat\u00f3lica para a Prote\u00e7\u00e3o provenientes da Inglaterra e Gales.<\/p>\n<p>O encontro faz parte do compromisso cont\u00ednuo da Comiss\u00e3o a fim de garantir que as ideias e a contribui\u00e7\u00e3o das pessoas que sofreram abusos marquem todos os aspectos de seu trabalho.<\/p>\n<p>As pessoas convidadas declararam que a experi\u00eancia de ser ouvidas com aten\u00e7\u00e3o pelos membros da comiss\u00e3o foi fortificante: puderam ver que o que falaram e o colocar em primeiro lugar as v\u00edtimas, teve um impacto sobre a comiss\u00e3o.<\/p>\n<p>\u201cEspero que a nossa visita ajude a comiss\u00e3o a desenvolver uma rede mais ampla de v\u00edtimas\u201d dispostas a apoiar o trabalho do organismo\u201d, declarou um dos membros do Painel Consultivo do Sobrevivente.<\/p>\n<p>Por outro lado, a Comiss\u00e3o para a Tutela dos Menores \u00e9 muito grata ao Painel Consultivo do Sobrevivente por ter partilhado conhecimentos e experi\u00eancias com a assembleia, pois isso ir\u00e1 ajudar a desenvolver percursos eficazes para integrar a voz das v\u00edtimas na vida e no minist\u00e9rio da Igreja.<\/p>\n<p>Durante a plen\u00e1ria, a comiss\u00e3o ouviu os relatos sobre \u201cOs resultados da Comiss\u00e3o Real Australiana\u201d (Australian Royal Commission), sobre a \u201cConven\u00e7\u00e3o das Na\u00e7\u00f5es Unidas para os Direitos da Inf\u00e2ncia\u201d e sobre \u201cO papel das comunidades de f\u00e9 na supera\u00e7\u00e3o do trauma de abuso\u201d.(Vatican News)<\/p>\n<\/div>\n","protected":false},"excerpt":{"rendered":"<p>\u201cEsses grupos\u201d, recorda o comunicado, \u201cs\u00e3o parte integrante da estrutura de trabalho da Comiss\u00e3o e realizam pesquisas e projetos nas \u00e1reas centrais para a miss\u00e3o de fazer da Igreja \u201cuma casa segura\u201d para crian\u00e7as, adolescentes e adultos vulner\u00e1veis aos abusos. O Papa Francisco anunciou que tem a inten\u00e7\u00e3o de confirmar o caminho definitivo dos Estatutos&nbsp;<\/p>\n<p><a class=\"btn btn-style\" href=\"http:\/\/portalcatolico.net\/portal\/papa-pretende-confirmar-estatutos-da-comissao-para-a-tutela-dos-menores\/\">Continue Reading<\/a><\/p>\n","protected":false},"author":2,"featured_media":54620,"comment_status":"open","ping_status":"open","sticky":false,"template":"","format":"standard","meta":{"footnotes":""},"categories":[5],"tags":[],"class_list":["post-54619","post","type-post","status-publish","format-standard","has-post-thumbnail","hentry","category-igreja_no_mundo"],"_links":{"self":[{"href":"http:\/\/portalcatolico.net\/portal\/wp-json\/wp\/v2\/posts\/54619","targetHints":{"allow":["GET"]}}],"collection":[{"href":"http:\/\/portalcatolico.net\/portal\/wp-json\/wp\/v2\/posts"}],"about":[{"href":"http:\/\/portalcatolico.net\/portal\/wp-json\/wp\/v2\/types\/post"}],"author":[{"embeddable":true,"href":"http:\/\/portalcatolico.net\/portal\/wp-json\/wp\/v2\/users\/2"}],"replies":[{"embeddable":true,"href":"http:\/\/portalcatolico.net\/portal\/wp-json\/wp\/v2\/comments?post=54619"}],"version-history":[{"count":1,"href":"http:\/\/portalcatolico.net\/portal\/wp-json\/wp\/v2\/posts\/54619\/revisions"}],"predecessor-version":[{"id":54621,"href":"http:\/\/portalcatolico.net\/portal\/wp-json\/wp\/v2\/posts\/54619\/revisions\/54621"}],"wp:featuredmedia":[{"embeddable":true,"href":"http:\/\/portalcatolico.net\/portal\/wp-json\/wp\/v2\/media\/54620"}],"wp:attachment":[{"href":"http:\/\/portalcatolico.net\/portal\/wp-json\/wp\/v2\/media?parent=54619"}],"wp:term":[{"taxonomy":"category","embeddable":true,"href":"http:\/\/portalcatolico.net\/portal\/wp-json\/wp\/v2\/categories?post=54619"},{"taxonomy":"post_tag","embeddable":true,"href":"http:\/\/portalcatolico.net\/portal\/wp-json\/wp\/v2\/tags?post=54619"}],"curies":[{"name":"wp","href":"https:\/\/api.w.org\/{rel}","templated":true}]}}