{"id":54616,"date":"2018-04-24T06:17:07","date_gmt":"2018-04-24T09:17:07","guid":{"rendered":"http:\/\/portalcatolico.net\/portal\/?p=54616"},"modified":"2018-04-24T06:17:07","modified_gmt":"2018-04-24T09:17:07","slug":"paroquia-santa-rita-de-cassia-realiza-caruru-beneficente","status":"publish","type":"post","link":"http:\/\/portalcatolico.net\/portal\/paroquia-santa-rita-de-cassia-realiza-caruru-beneficente\/","title":{"rendered":"Par\u00f3quia Santa Rita de C\u00e1ssia realiza Caruru beneficente"},"content":{"rendered":"<p>Ser\u00e1 realizado no dia 06 de maio, na par\u00f3quia Santa Rita de C\u00e1ssia em Itabuna (BA), um\u00a0<b>Caruru<\/b>\u00a0beneficente em prol do Noven\u00e1rio e Festa de Santa Rita de\u00a0\u00a0C\u00e1ssia, padroeira do bairro S\u00e3o Caetano,\u00a0\u00a0que se realiza de 12 a 22 de maio de 2018.<u><\/u><u><\/u><\/p>\n<p>Participe e traga sua fam\u00edlia para contribuir com a evangeliza\u00e7\u00e3o milhares de fieis.<u><\/u><u><\/u><\/p>\n<p class=\"m_-1129762984283963664xmsonormal\"><b>Valor:<\/b>\u00a0R$ 10,00<u><\/u><u><\/u><\/p>\n<p class=\"m_-1129762984283963664xmsonormal\"><b>Hor\u00e1rio:<\/b>\u00a012h<u><\/u><u><\/u><\/p>\n<p class=\"m_-1129762984283963664xmsonormal\"><b>Local:<\/b>\u00a0sal\u00e3o paroquial<\/p>\n","protected":false},"excerpt":{"rendered":"<p>Ser\u00e1 realizado no dia 06 de maio, na par\u00f3quia Santa Rita de C\u00e1ssia em Itabuna (BA), um\u00a0Caruru\u00a0beneficente em prol do Noven\u00e1rio e Festa de Santa Rita de\u00a0\u00a0C\u00e1ssia, padroeira do bairro S\u00e3o Caetano,\u00a0\u00a0que se realiza de 12 a 22 de maio de 2018. Participe e traga sua fam\u00edlia para contribuir com a evangeliza\u00e7\u00e3o milhares de fieis.&nbsp;<\/p>\n<p><a class=\"btn btn-style\" href=\"http:\/\/portalcatolico.net\/portal\/paroquia-santa-rita-de-cassia-realiza-caruru-beneficente\/\">Continue Reading<\/a><\/p>\n","protected":false},"author":2,"featured_media":54617,"comment_status":"open","ping_status":"open","sticky":false,"template":"","format":"standard","meta":{"footnotes":""},"categories":[4],"tags":[],"class_list":["post-54616","post","type-post","status-publish","format-standard","has-post-thumbnail","hentry","category-destaques"],"_links":{"self":[{"href":"http:\/\/portalcatolico.net\/portal\/wp-json\/wp\/v2\/posts\/54616","targetHints":{"allow":["GET"]}}],"collection":[{"href":"http:\/\/portalcatolico.net\/portal\/wp-json\/wp\/v2\/posts"}],"about":[{"href":"http:\/\/portalcatolico.net\/portal\/wp-json\/wp\/v2\/types\/post"}],"author":[{"embeddable":true,"href":"http:\/\/portalcatolico.net\/portal\/wp-json\/wp\/v2\/users\/2"}],"replies":[{"embeddable":true,"href":"http:\/\/portalcatolico.net\/portal\/wp-json\/wp\/v2\/comments?post=54616"}],"version-history":[{"count":1,"href":"http:\/\/portalcatolico.net\/portal\/wp-json\/wp\/v2\/posts\/54616\/revisions"}],"predecessor-version":[{"id":54618,"href":"http:\/\/portalcatolico.net\/portal\/wp-json\/wp\/v2\/posts\/54616\/revisions\/54618"}],"wp:featuredmedia":[{"embeddable":true,"href":"http:\/\/portalcatolico.net\/portal\/wp-json\/wp\/v2\/media\/54617"}],"wp:attachment":[{"href":"http:\/\/portalcatolico.net\/portal\/wp-json\/wp\/v2\/media?parent=54616"}],"wp:term":[{"taxonomy":"category","embeddable":true,"href":"http:\/\/portalcatolico.net\/portal\/wp-json\/wp\/v2\/categories?post=54616"},{"taxonomy":"post_tag","embeddable":true,"href":"http:\/\/portalcatolico.net\/portal\/wp-json\/wp\/v2\/tags?post=54616"}],"curies":[{"name":"wp","href":"https:\/\/api.w.org\/{rel}","templated":true}]}}