{"id":54613,"date":"2018-04-24T06:13:42","date_gmt":"2018-04-24T09:13:42","guid":{"rendered":"http:\/\/portalcatolico.net\/portal\/?p=54613"},"modified":"2018-04-24T06:13:42","modified_gmt":"2018-04-24T09:13:42","slug":"paroquia-santa-rita-de-cassia-realiza-1o-encontro-vocacional","status":"publish","type":"post","link":"http:\/\/portalcatolico.net\/portal\/paroquia-santa-rita-de-cassia-realiza-1o-encontro-vocacional\/","title":{"rendered":"Par\u00f3quia Santa Rita de C\u00e1ssia realiza 1\u00ba Encontro Vocacional"},"content":{"rendered":"<p class=\"m_-2557500773813586329xmsonormal\"><em>A Par\u00f3quia Santa Rita de C\u00e1ssia e os Frades Menores Capuchinhos da Bahia e do Sergipe\u00a0\u00a0convidam os jovens que conclu\u00edram o Ensino M\u00e9dio e est\u00e3o em busca de sua voca\u00e7\u00e3o, para participarem do 1\u00ba Encontro Vocacional que acontecer\u00e1 neste s\u00e1bado e domingo (27 e 28 de abril). O encontro tem inicio no s\u00e1bado \u00e1s 14h e finaliza no domingo \u00e1s 12h.<\/em><u><\/u><u><\/u><\/p>\n<p class=\"m_-2557500773813586329xmsonormal\"><em>O evento vai acontecer na igreja matriz de Santa Rita de C\u00e1ssia, que situa-se na rua Juarez T\u00e1vora, no bairro S\u00e3o Caetano, na Diocese de Itabuna, com o tema: \u201cVivenciando a vida de S\u00e3o Francisco de Assis, aprendendo a ouvir o chamado e vivenciar o amor\u201d.<u><\/u><u><\/u><\/em><\/p>\n<p class=\"m_-2557500773813586329xmsonormal\"><em>Adolescentes a partir dos 14 anos podem fazer o encontro. Em caso de d\u00favidas, ligue para os telefones (73) 9 8898-9005 ou para a secretaria da par\u00f3quia: 3617-2722.<\/em><\/p>\n<p class=\"m_-2557500773813586329xmsonormal\">Texto:Reda\u00e7\u00e3o Portal Cat\u00f3lico<\/p>\n","protected":false},"excerpt":{"rendered":"<p>A Par\u00f3quia Santa Rita de C\u00e1ssia e os Frades Menores Capuchinhos da Bahia e do Sergipe\u00a0\u00a0convidam os jovens que conclu\u00edram o Ensino M\u00e9dio e est\u00e3o em busca de sua voca\u00e7\u00e3o, para participarem do 1\u00ba Encontro Vocacional que acontecer\u00e1 neste s\u00e1bado e domingo (27 e 28 de abril). O encontro tem inicio no s\u00e1bado \u00e1s 14h&nbsp;<\/p>\n<p><a class=\"btn btn-style\" href=\"http:\/\/portalcatolico.net\/portal\/paroquia-santa-rita-de-cassia-realiza-1o-encontro-vocacional\/\">Continue Reading<\/a><\/p>\n","protected":false},"author":2,"featured_media":54614,"comment_status":"open","ping_status":"open","sticky":false,"template":"","format":"standard","meta":{"footnotes":""},"categories":[1],"tags":[],"class_list":["post-54613","post","type-post","status-publish","format-standard","has-post-thumbnail","hentry","category-agenda"],"_links":{"self":[{"href":"http:\/\/portalcatolico.net\/portal\/wp-json\/wp\/v2\/posts\/54613","targetHints":{"allow":["GET"]}}],"collection":[{"href":"http:\/\/portalcatolico.net\/portal\/wp-json\/wp\/v2\/posts"}],"about":[{"href":"http:\/\/portalcatolico.net\/portal\/wp-json\/wp\/v2\/types\/post"}],"author":[{"embeddable":true,"href":"http:\/\/portalcatolico.net\/portal\/wp-json\/wp\/v2\/users\/2"}],"replies":[{"embeddable":true,"href":"http:\/\/portalcatolico.net\/portal\/wp-json\/wp\/v2\/comments?post=54613"}],"version-history":[{"count":1,"href":"http:\/\/portalcatolico.net\/portal\/wp-json\/wp\/v2\/posts\/54613\/revisions"}],"predecessor-version":[{"id":54615,"href":"http:\/\/portalcatolico.net\/portal\/wp-json\/wp\/v2\/posts\/54613\/revisions\/54615"}],"wp:featuredmedia":[{"embeddable":true,"href":"http:\/\/portalcatolico.net\/portal\/wp-json\/wp\/v2\/media\/54614"}],"wp:attachment":[{"href":"http:\/\/portalcatolico.net\/portal\/wp-json\/wp\/v2\/media?parent=54613"}],"wp:term":[{"taxonomy":"category","embeddable":true,"href":"http:\/\/portalcatolico.net\/portal\/wp-json\/wp\/v2\/categories?post=54613"},{"taxonomy":"post_tag","embeddable":true,"href":"http:\/\/portalcatolico.net\/portal\/wp-json\/wp\/v2\/tags?post=54613"}],"curies":[{"name":"wp","href":"https:\/\/api.w.org\/{rel}","templated":true}]}}