{"id":54609,"date":"2018-04-24T06:02:31","date_gmt":"2018-04-24T09:02:31","guid":{"rendered":"http:\/\/portalcatolico.net\/portal\/?p=54609"},"modified":"2018-04-24T06:02:55","modified_gmt":"2018-04-24T09:02:55","slug":"e-proibido-usar-o-santo-veu-na-missa-qual-o-jeito-certo-de-comungar-confira-a-resposta-do-padre-gilvan","status":"publish","type":"post","link":"http:\/\/portalcatolico.net\/portal\/e-proibido-usar-o-santo-veu-na-missa-qual-o-jeito-certo-de-comungar-confira-a-resposta-do-padre-gilvan\/","title":{"rendered":"\u00c9 proibido usar o santo v\u00e9u na missa? Qual o jeito certo de comungar? Confira a resposta do padre Gilvan."},"content":{"rendered":"<p class=\"m_-7300478182975289315xmsonormal\">Neste domingo 22 de abril, em uma das suas homilias no EDF, que foi realizado em\u00a0Itabuna (BA), o padre Gilvan Oliveira, p\u00e1roco da Catedral Diocesana de S\u00e3o Jos\u00e9 e assessor eclesial da RCC da Diocese de\u00a0\u00a0Itabuna,o sacerdote explicou para centenas de pessoa que participavam\u00a0\u00a0da santa missa, pois o mesmo estava sendo questionado por\u00a0v\u00e1rios\u00a0cat\u00f3licos se podia ou n\u00e3o podia o usar o santo V\u00e9u e como \u00e9 a forma certa de comungar. Veja o que ele respondeu:<u><\/u><u><\/u><\/p>\n<p class=\"m_-7300478182975289315xmsonormal\">\u201c(&#8230;) Cada padre em sua par\u00f3quia conduz a sua par\u00f3quia, mas nenhum padre pode ir contra a comunh\u00e3o com a Igreja. Segundo a doutrina, do Magist\u00e9rio da Igreja, aquilo que \u00e9 a forma ordin\u00e1ria, ou seja, aquilo que \u00e9 o padr\u00e3o, o que a Igreja ensina, \u00e9 que todo cat\u00f3lico deve comungar de joelhos e receber a h\u00f3stia diretamente na boca. Por\u00e9m por motivos pastorais\u00a0\u00a0e porque j\u00e1 se tornou costume, a Igreja permite que o cat\u00f3lico comungue de p\u00e9. N\u00e3o existe na Igreja a palavra aboli\u00e7\u00e3o, a Igreja n\u00e3o muda. A Igreja \u00e9 a mesma porque Jesus Cristo \u00e9 o mesmo. O que a Igreja fez foi tornar facultativo. Porque o mundo, a atualidade pede que a Igreja viva o novo e se adeque \u00e0 sociedade. Naquilo que diz respeito a usos e costumes, a Igreja muda, em doutrina nunca!Ent\u00e3o, se uma mulher crist\u00e3 cat\u00f3lica, ela participa da santa missa ou de momentos piedosos usando um santo v\u00e9u, esta mulher faz muito bem, \u00e9 muito belo, \u00e9 espiritual, \u00e9 devocional e esta mulher em profunda comunh\u00e3o com Deus. Mas a mulher que n\u00e3o usa o v\u00e9u, n\u00e3o est\u00e1 desobedecendo em nada a Igreja e nem \u00e9 menos piedosa do que aquela que usa o v\u00e9u (&#8230;)\u201d.<\/p>\n<p class=\"m_-7300478182975289315xmsonormal\">Texto e foto :Reda\u00e7\u00e3o Portal Cat\u00f3lico.net<\/p>\n","protected":false},"excerpt":{"rendered":"<p>Neste domingo 22 de abril, em uma das suas homilias no EDF, que foi realizado em\u00a0Itabuna (BA), o padre Gilvan Oliveira, p\u00e1roco da Catedral Diocesana de S\u00e3o Jos\u00e9 e assessor eclesial da RCC da Diocese de\u00a0\u00a0Itabuna,o sacerdote explicou para centenas de pessoa que participavam\u00a0\u00a0da santa missa, pois o mesmo estava sendo questionado por\u00a0v\u00e1rios\u00a0cat\u00f3licos se podia&nbsp;<\/p>\n<p><a class=\"btn btn-style\" href=\"http:\/\/portalcatolico.net\/portal\/e-proibido-usar-o-santo-veu-na-missa-qual-o-jeito-certo-de-comungar-confira-a-resposta-do-padre-gilvan\/\">Continue Reading<\/a><\/p>\n","protected":false},"author":2,"featured_media":54610,"comment_status":"open","ping_status":"open","sticky":false,"template":"","format":"standard","meta":{"footnotes":""},"categories":[4],"tags":[],"class_list":["post-54609","post","type-post","status-publish","format-standard","has-post-thumbnail","hentry","category-destaques"],"_links":{"self":[{"href":"http:\/\/portalcatolico.net\/portal\/wp-json\/wp\/v2\/posts\/54609","targetHints":{"allow":["GET"]}}],"collection":[{"href":"http:\/\/portalcatolico.net\/portal\/wp-json\/wp\/v2\/posts"}],"about":[{"href":"http:\/\/portalcatolico.net\/portal\/wp-json\/wp\/v2\/types\/post"}],"author":[{"embeddable":true,"href":"http:\/\/portalcatolico.net\/portal\/wp-json\/wp\/v2\/users\/2"}],"replies":[{"embeddable":true,"href":"http:\/\/portalcatolico.net\/portal\/wp-json\/wp\/v2\/comments?post=54609"}],"version-history":[{"count":1,"href":"http:\/\/portalcatolico.net\/portal\/wp-json\/wp\/v2\/posts\/54609\/revisions"}],"predecessor-version":[{"id":54611,"href":"http:\/\/portalcatolico.net\/portal\/wp-json\/wp\/v2\/posts\/54609\/revisions\/54611"}],"wp:featuredmedia":[{"embeddable":true,"href":"http:\/\/portalcatolico.net\/portal\/wp-json\/wp\/v2\/media\/54610"}],"wp:attachment":[{"href":"http:\/\/portalcatolico.net\/portal\/wp-json\/wp\/v2\/media?parent=54609"}],"wp:term":[{"taxonomy":"category","embeddable":true,"href":"http:\/\/portalcatolico.net\/portal\/wp-json\/wp\/v2\/categories?post=54609"},{"taxonomy":"post_tag","embeddable":true,"href":"http:\/\/portalcatolico.net\/portal\/wp-json\/wp\/v2\/tags?post=54609"}],"curies":[{"name":"wp","href":"https:\/\/api.w.org\/{rel}","templated":true}]}}