{"id":54602,"date":"2018-04-23T05:51:41","date_gmt":"2018-04-23T08:51:41","guid":{"rendered":"http:\/\/portalcatolico.net\/portal\/?p=54602"},"modified":"2018-04-23T06:21:30","modified_gmt":"2018-04-23T09:21:30","slug":"apos-tres-dias-tem-fim-mais-uma-edicao-do-edf-em-itabuna","status":"publish","type":"post","link":"http:\/\/portalcatolico.net\/portal\/apos-tres-dias-tem-fim-mais-uma-edicao-do-edf-em-itabuna\/","title":{"rendered":"Ap\u00f3s tr\u00eas dias, tem fim mais uma edi\u00e7\u00e3o do EDF em Itabuna"},"content":{"rendered":"<p class=\"m_2289987599982535609xgmail-msonospacing\"><em>A Renova\u00e7\u00e3o Carism\u00e1tica Cat\u00f3lica de Itabuna realizou nos dias 20, 21\u00a0\u00a0e 22 de abril, no espa\u00e7o de evento da Terceira Via Hall, situada no bairro Lomanto\u00a0\u00a0em Itabuna (BA), o Encontro Diocesano de Forma\u00e7\u00e3o (EDF) de 2018. O evento iniciou com santa missa na sexta-feira (20), \u00e0s 18h.<u><\/u><u><\/u><\/em><\/p>\n<p class=\"m_2289987599982535609xgmail-msonospacing\"><em>Cerca de 750 servos dos Grupos de Ora\u00e7\u00e3o da Diocese compareceram ao evento para louvar e adorar ao Senhor, por meio das prega\u00e7\u00f5es ministradas por Shirlei Chagas da Diocese de Jundia\u00ed (SP) e workshops destinados a cada um dos minist\u00e9rios.<u><\/u><u><\/u><\/em><\/p>\n<p class=\"m_2289987599982535609xgmail-msonospacing\"><em>A 6\u00aa edi\u00e7\u00e3o do EDF tamb\u00e9m foi composto de reza do santo ter\u00e7o, louvor, confiss\u00f5es, missas, adora\u00e7\u00e3o, prega\u00e7\u00f5es, espa\u00e7o Kids (para as crian\u00e7as, filhos dos participantes).<\/em><i><u><\/u><u><\/u><\/i><\/p>\n<p class=\"m_2289987599982535609xgmail-msonospacing\"><em>O evento foi finalizado com a Santa Missa neste domingo (22) \u00e0s 16h que foi presidida pelo Assessor\u00a0Eclesiastic\u00edstico\u00a0\u00a0da RCC de Itabuna e p\u00e1roco da Catedral de S\u00e3o Jos\u00e9, o Pe. Gilvan Oliveira. Na homilia, ele refletiu sobre o impacto do EDF na vida dos participantes que ali estavam: \u201cQuando voc\u00eas participam de um Encontro como esse, quantas maravilhas voc\u00eas experimentam! Cura interior, cura f\u00edsica, Deus atua na vida de cada um. E l\u00e1 fora voc\u00eas testemunham para as pessoas, todas as maravilhas que voc\u00eas experimentam, mas s\u00e3o poucas as pessoas que percebem essa a\u00e7\u00e3o de Deus (&#8230;)\u201d<u><\/u><u><\/u><\/em><\/p>\n<p class=\"m_2289987599982535609xgmail-msonospacing\"><em>O EDF teve a organiza\u00e7\u00e3o do Conselho da RCC Diocesana que tem como presidente, o Alexsandro Nonato. Ao final da celebra\u00e7\u00e3o Eucar\u00edstica, ele falou sobre o objetivo do evento: \u201cO EDF \u00e9 onde n\u00f3s juntamos todo o povo Carism\u00e1tico, todos os irm\u00e3os dos 43 grupos da Diocese para serem formadas no coletivo.\u201d. Na oportunidade, ele tamb\u00e9m aproveitou para anunciar que\u00a0<\/em><i>e<\/i><em>m outubro acontecer\u00e1 em Itabuna, o Congresso Diocesano.\u00a0\u00a0<\/em><u><\/u><u><\/u><\/p>\n<p class=\"m_2289987599982535609xgmail-msonospacing\">Reportagem e fotos: Valdeni Elias<\/p>\n<p class=\"m_2289987599982535609xgmail-msonospacing\">Edi\u00e7\u00e3o de texto: Anara Passos<\/p>\n<p class=\"m_2289987599982535609xgmail-msonospacing\"><a href=\"https:\/\/www.facebook.com\/portalcatolicooficial\"><span style=\"color: #ff0000;\">\u00c1lbum de fotos.Clique e confira<\/span><\/a><\/p>\n<p class=\"m_2289987599982535609xgmail-msonospacing\"><strong>Assista o v\u00eddeo:<\/strong><\/p>\n<p><iframe loading=\"lazy\"  id=\"_ytid_14658\"  width=\"480\" height=\"270\"  data-origwidth=\"480\" data-origheight=\"270\" src=\"https:\/\/www.youtube.com\/embed\/AN-vPF6bF_Y?enablejsapi=1&#038;autoplay=0&#038;cc_load_policy=0&#038;cc_lang_pref=&#038;iv_load_policy=1&#038;loop=0&#038;rel=1&#038;fs=1&#038;playsinline=0&#038;autohide=2&#038;theme=dark&#038;color=red&#038;controls=1&#038;disablekb=0&#038;\" class=\"__youtube_prefs__  epyt-is-override  no-lazyload\" title=\"YouTube player\"  allow=\"fullscreen; accelerometer; autoplay; clipboard-write; encrypted-media; gyroscope; picture-in-picture; web-share\" referrerpolicy=\"strict-origin-when-cross-origin\" allowfullscreen data-no-lazy=\"1\" data-skipgform_ajax_framebjll=\"\"><\/iframe><\/p>\n","protected":false},"excerpt":{"rendered":"<p>A Renova\u00e7\u00e3o Carism\u00e1tica Cat\u00f3lica de Itabuna realizou nos dias 20, 21\u00a0\u00a0e 22 de abril, no espa\u00e7o de evento da Terceira Via Hall, situada no bairro Lomanto\u00a0\u00a0em Itabuna (BA), o Encontro Diocesano de Forma\u00e7\u00e3o (EDF) de 2018. O evento iniciou com santa missa na sexta-feira (20), \u00e0s 18h. Cerca de 750 servos dos Grupos de Ora\u00e7\u00e3o&nbsp;<\/p>\n<p><a class=\"btn btn-style\" href=\"http:\/\/portalcatolico.net\/portal\/apos-tres-dias-tem-fim-mais-uma-edicao-do-edf-em-itabuna\/\">Continue Reading<\/a><\/p>\n","protected":false},"author":2,"featured_media":54603,"comment_status":"open","ping_status":"open","sticky":false,"template":"","format":"standard","meta":{"footnotes":""},"categories":[68],"tags":[],"class_list":["post-54602","post","type-post","status-publish","format-standard","has-post-thumbnail","hentry","category-homilias"],"_links":{"self":[{"href":"http:\/\/portalcatolico.net\/portal\/wp-json\/wp\/v2\/posts\/54602","targetHints":{"allow":["GET"]}}],"collection":[{"href":"http:\/\/portalcatolico.net\/portal\/wp-json\/wp\/v2\/posts"}],"about":[{"href":"http:\/\/portalcatolico.net\/portal\/wp-json\/wp\/v2\/types\/post"}],"author":[{"embeddable":true,"href":"http:\/\/portalcatolico.net\/portal\/wp-json\/wp\/v2\/users\/2"}],"replies":[{"embeddable":true,"href":"http:\/\/portalcatolico.net\/portal\/wp-json\/wp\/v2\/comments?post=54602"}],"version-history":[{"count":4,"href":"http:\/\/portalcatolico.net\/portal\/wp-json\/wp\/v2\/posts\/54602\/revisions"}],"predecessor-version":[{"id":54608,"href":"http:\/\/portalcatolico.net\/portal\/wp-json\/wp\/v2\/posts\/54602\/revisions\/54608"}],"wp:featuredmedia":[{"embeddable":true,"href":"http:\/\/portalcatolico.net\/portal\/wp-json\/wp\/v2\/media\/54603"}],"wp:attachment":[{"href":"http:\/\/portalcatolico.net\/portal\/wp-json\/wp\/v2\/media?parent=54602"}],"wp:term":[{"taxonomy":"category","embeddable":true,"href":"http:\/\/portalcatolico.net\/portal\/wp-json\/wp\/v2\/categories?post=54602"},{"taxonomy":"post_tag","embeddable":true,"href":"http:\/\/portalcatolico.net\/portal\/wp-json\/wp\/v2\/tags?post=54602"}],"curies":[{"name":"wp","href":"https:\/\/api.w.org\/{rel}","templated":true}]}}