{"id":54598,"date":"2018-04-21T21:34:25","date_gmt":"2018-04-22T00:34:25","guid":{"rendered":"http:\/\/portalcatolico.net\/portal\/?p=54598"},"modified":"2018-04-21T21:35:14","modified_gmt":"2018-04-22T00:35:14","slug":"padre-ortodoxo-lanca-2a-edicao-do-livro-enlace-espiritual","status":"publish","type":"post","link":"http:\/\/portalcatolico.net\/portal\/padre-ortodoxo-lanca-2a-edicao-do-livro-enlace-espiritual\/","title":{"rendered":"PADRE ORTODOXO LAN\u00c7A 2\u00aa EDI\u00c7\u00c3O DO LIVRO ENLACE ESPIRITUAL"},"content":{"rendered":"<p>O Padre S\u00edrio Ortodoxo, Messias Nunes Correia\u00a0 lan\u00e7a, pela Editora A5, \u00a0a 2\u00aa edi\u00e7\u00e3o ampliada do <em>livro Enlace Espiritual- o encontro com Deus no deserto. <\/em>Nessa edi\u00e7\u00e3o, o autor desenvolve, al\u00e9m dos temas anteriores, \u00a0novas abordagens \u00a0que transitam entre: <em>A dessemelhan\u00e7a gerada pelo pecado, O pecado e a desfigura\u00e7\u00e3o da beleza, O pecado e a des-mem\u00f3ria, O pecado e a perda da vis\u00e3o, A vida nova em Cristo, A\u00a0 obedi\u00eancia e o caminho espiritual e A expans\u00e3o da vida interior. <\/em><\/p>\n<p>De acordo com a Dr\u00aa Debora Chaves, \u201co padre Messias oferece n\u00e3o apenas uma forma de conduzir\u00a0\u00a0 a vida crist\u00e3 de acordo com os preceitos b\u00edblicos e espirituais, mas sobretudo, faz um mapeamento das escolhas que\u00a0 devemos fazer, quando, em meio aos apressamentos da vida contempor\u00e2nea, \u2018p\u00f3s-moderna\u2019 podemos parar, orar, buscar de Deus uma dire\u00e7\u00e3o e ouvir a sua voz no sil\u00eancio do deserto\u201d.\u00a0 Trata-se de uma obra\u00a0 atravessada pela beleza po\u00e9tica e m\u00edstica que ajuda o leitor em sua intimidade com Deus. A narrativa \u00e9 intercalada por alguns\u00a0 poemas e ep\u00edgrafes, \u00a0dentre os quais s\u00e3o destacados:<\/p>\n<p><em>Enquanto caminha nesse mundo, o m\u00edstico \u00e9 um p\u00e1ssaro noturno. Manifesta-se a partir do seu crep\u00fasculo. Sua vida escondida \u00e9 \u00edcone escrito pelo Esp\u00edrito. Nele, a obra de Deus \u00e9 talhada em vaso de argila. Aquele que experimenta Deus \u00e9 sempre o vaso de espera e um c\u00e1lice profundo, onde Deus transborda. <\/em><\/p>\n<p><em>\u00a0<\/em><em>Perfeita Harmonia que minha alma anseia<\/em><em>. Doce Beleza que minha noite afaga. Espero-te com portas entreabertas. N\u00e3o entres ainda, indigno ambiente me encontro. Tenho pressa a Acolher-te, mas o que tenho dar-te? Toma minha escurid\u00e3o, os passos t\u00edmidos em trope\u00e7os e a solit\u00e1ria noite que demora. <\/em><\/p>\n<p><em>\u00a0<\/em><em>\u00d3 Luz n\u00e3o agressiva, Escurid\u00e3o que descansa, Eterna atra\u00e7\u00e3o de amor, Terno la\u00e7o que envolve. Espero-te e n\u00e3o sei mais como esperar-te. Espero-te j\u00e1 em Ti, enquanto vens&#8230; <\/em><em>\u00d3 bendita escurid\u00e3o que minha alma habita cega, s\u00f3 e im\u00f3vel. Cres\u00e7a em mim, calando-te! Cala-te e torna-me abismo, Abismo de sil\u00eancio e chama.<\/em><\/p>\n<p><em>\u00a0<\/em>No pref\u00e1cio da obra, o Frei Edilson Yoshimura destacada\u00a0 as impress\u00f5es que teve ao percorrer as linhas e entrelinhas, e que foi poss\u00edvel perceber \u00a0o m\u00edstico de m\u00e3os dadas com o poeta, num enlace mais que natural [&#8230;] E que lembrou -se de Drummond dizendo que <em>\u201cenquanto o m\u00edstico encontra<\/em> <em>no sil\u00eancio a chave \u00faltima de sua comunica\u00e7\u00e3o com Deus, o poeta m\u00edstico se esfor\u00e7a por<\/em> converter <em>em palavras o resultado dessa comunica\u00e7\u00e3o<\/em>\u201d.<\/p>\n<p>J\u00e1 o padre Vin\u00edcius Mascarenhas ressaltou que \u00e9 \u201cuma prosa leve e pesada. Bem paradoxal ao estilo do autor, ao tempo que envolvente e que sentiu, a partir da leitura, a vontade de cair de joelhos e rezar\u201d.<\/p>\n<p>Ainda nesse ano ser\u00e1 publicada uma obra po\u00e9tica, com t\u00edtulo: <em>A Ascens\u00e3o Noturna e as esta\u00e7\u00f5es m\u00edsticas.<\/em>\u00a0 Aguardem!!<\/p>\n<p>Que Deus aben\u00e7oe!<\/p>\n<p>Adquira j\u00e1 o seu!<\/p>\n<p>Fa\u00e7a seu pedido pelo e-mail : messiasnc@hotmail.com<\/p>\n<p>Texto:Messias Nunes Correia<\/p>\n","protected":false},"excerpt":{"rendered":"<p>O Padre S\u00edrio Ortodoxo, Messias Nunes Correia\u00a0 lan\u00e7a, pela Editora A5, \u00a0a 2\u00aa edi\u00e7\u00e3o ampliada do livro Enlace Espiritual- o encontro com Deus no deserto. Nessa edi\u00e7\u00e3o, o autor desenvolve, al\u00e9m dos temas anteriores, \u00a0novas abordagens \u00a0que transitam entre: A dessemelhan\u00e7a gerada pelo pecado, O pecado e a desfigura\u00e7\u00e3o da beleza, O pecado e a&nbsp;<\/p>\n<p><a class=\"btn btn-style\" href=\"http:\/\/portalcatolico.net\/portal\/padre-ortodoxo-lanca-2a-edicao-do-livro-enlace-espiritual\/\">Continue Reading<\/a><\/p>\n","protected":false},"author":2,"featured_media":54599,"comment_status":"open","ping_status":"open","sticky":false,"template":"","format":"standard","meta":{"footnotes":""},"categories":[69],"tags":[],"class_list":["post-54598","post","type-post","status-publish","format-standard","has-post-thumbnail","hentry","category-artigos"],"_links":{"self":[{"href":"http:\/\/portalcatolico.net\/portal\/wp-json\/wp\/v2\/posts\/54598","targetHints":{"allow":["GET"]}}],"collection":[{"href":"http:\/\/portalcatolico.net\/portal\/wp-json\/wp\/v2\/posts"}],"about":[{"href":"http:\/\/portalcatolico.net\/portal\/wp-json\/wp\/v2\/types\/post"}],"author":[{"embeddable":true,"href":"http:\/\/portalcatolico.net\/portal\/wp-json\/wp\/v2\/users\/2"}],"replies":[{"embeddable":true,"href":"http:\/\/portalcatolico.net\/portal\/wp-json\/wp\/v2\/comments?post=54598"}],"version-history":[{"count":2,"href":"http:\/\/portalcatolico.net\/portal\/wp-json\/wp\/v2\/posts\/54598\/revisions"}],"predecessor-version":[{"id":54601,"href":"http:\/\/portalcatolico.net\/portal\/wp-json\/wp\/v2\/posts\/54598\/revisions\/54601"}],"wp:featuredmedia":[{"embeddable":true,"href":"http:\/\/portalcatolico.net\/portal\/wp-json\/wp\/v2\/media\/54599"}],"wp:attachment":[{"href":"http:\/\/portalcatolico.net\/portal\/wp-json\/wp\/v2\/media?parent=54598"}],"wp:term":[{"taxonomy":"category","embeddable":true,"href":"http:\/\/portalcatolico.net\/portal\/wp-json\/wp\/v2\/categories?post=54598"},{"taxonomy":"post_tag","embeddable":true,"href":"http:\/\/portalcatolico.net\/portal\/wp-json\/wp\/v2\/tags?post=54598"}],"curies":[{"name":"wp","href":"https:\/\/api.w.org\/{rel}","templated":true}]}}