{"id":54593,"date":"2018-04-21T15:42:17","date_gmt":"2018-04-21T18:42:17","guid":{"rendered":"http:\/\/portalcatolico.net\/portal\/?p=54593"},"modified":"2018-04-21T15:46:46","modified_gmt":"2018-04-21T18:46:46","slug":"encontro-de-diocesano-de-formacao-esta-acontecendo-em-itabuna","status":"publish","type":"post","link":"http:\/\/portalcatolico.net\/portal\/encontro-de-diocesano-de-formacao-esta-acontecendo-em-itabuna\/","title":{"rendered":"Encontro de Diocesano de Forma\u00e7\u00e3o est\u00e1 acontecendo em Itabuna"},"content":{"rendered":"<p class=\"m_-4017936841597997539xgmail-m5732676166520834883xgmail-msonospacing\"><em>Come\u00e7ou nesta sexta-feira (20), \u00e0s 18h,\u00a0 na Catedral de S\u00e3o Jos\u00e9, mais uma edi\u00e7\u00e3o do Encontro Diocesano de Forma\u00e7\u00e3o (EDF). A Santa Missa foi presidida pelo p\u00e1roco da Catedral, padre Gilvan, que na oportunidade disse: \u201cN\u00f3s estamos nessa missa fazendo a abertura oficial do Encontro deste ano, que \u00e9 promovido pela Coordena\u00e7\u00e3o Diocesana da Renova\u00e7\u00e3o Carism\u00e1tica e por todos os grupos de ora\u00e7\u00e3o da Diocese de Itabuna. Neste s\u00e1bado e domingo estar\u00e3o pessoas de todos os grupos, de todos os munic\u00edpios que comp\u00f5em a nossa diocese, neste encontro de estudos e forma\u00e7\u00e3o de espiritualidade.\u201d<\/em><\/p>\n<p class=\"m_-4017936841597997539xgmail-m5732676166520834883xgmail-msonospacing\"><em>A celebra\u00e7\u00e3o foi concelebrada pelos di\u00e1conos Ailtom Matos, Esmeraldo Sardinha\u00a0\u00a0e Frei Renato Fazi.<u><\/u><u><\/u><\/em><\/p>\n<p class=\"m_-4017936841597997539xgmail-m5732676166520834883xgmail-msonospacing\"><em>S\u00e3o dois dias de forma\u00e7\u00e3o, ora\u00e7\u00e3o, adora\u00e7\u00e3o Jesus Eucar\u00edstico, missa, louvor, entre outros momentos de evangeliza\u00e7\u00e3o. O EDF contar\u00e1 ainda com Workshops: Minist\u00e9rio de Comunica\u00e7\u00e3o Social, Cura e Liberta\u00e7\u00e3o, Forma\u00e7\u00e3o, Intercess\u00e3o, Jovem, M\u00fasica e Artes, Prega\u00e7\u00e3o, Universidades Renovadas, Minist\u00e9rio para as Crian\u00e7as e Coordenadores de Grupo de Ora\u00e7\u00e3o. Cada Workshop abordar\u00e1 tem\u00e1ticas espec\u00edficas e direcionadas a cada Minist\u00e9rio.<u><\/u><u><\/u><\/em><\/p>\n<p class=\"m_-4017936841597997539xgmail-m5732676166520834883xgmail-msonospacing\"><em>O evento \u00e9 direcionado aos membros e servos dos Grupos de Ora\u00e7\u00e3o (GO) da RCC, que j\u00e1 passaram pela fase Querigm\u00e1tica (Semin\u00e1rio de Vida no Esp\u00edrito Santo, Experi\u00eancia de Ora\u00e7\u00e3o e Aprofundamento de Dons) e que tamb\u00e9m j\u00e1 passaram ou est\u00e3o passando pelo processo formativo da RCC (Forma\u00e7\u00e3o B\u00e1sica, Humana). Estes s\u00e3o convocados a participar efetivamente do encontro de Forma\u00e7\u00e3o mais amplo, din\u00e2mico e concentrado da RCC nesta diocese.<u><\/u><u><\/u><\/em><\/p>\n<p class=\"m_-4017936841597997539xgmail-m5732676166520834883xgmail-msonospacing\"><em>Acompanhe toda programa\u00e7\u00e3o pela Web R\u00e1dio deste Portal. Para acompanhar as\u00a0prega\u00e7\u00f5es\u00a0e missas\u00a0 do EDF em tempo real,\u00a0baixe o aplicativo no Play Store e ou\u00e7a no celular, tablet ou na p\u00e1gina do Facebook:\u00a0<a href=\"http:\/\/www.facebook.com\/portalcatolicooficial\" target=\"_blank\" data-saferedirecturl=\"https:\/\/www.google.com\/url?hl=pt-BR&amp;q=http:\/\/www.facebook.com\/portalcatolicooficial&amp;source=gmail&amp;ust=1524422291855000&amp;usg=AFQjCNElnFHZKZFe453cNi5mlldS46ztFQ\"><i>www.facebook.com\/<wbr \/>portalcatolicooficial<\/i><\/a>\u00a0\u00a0<\/em><\/p>\n<p class=\"m_-4017936841597997539xgmail-m5732676166520834883xgmail-msonospacing\">Reda\u00e7\u00e3o Portal Cat\u00f3lico.net<\/p>\n","protected":false},"excerpt":{"rendered":"<p>Come\u00e7ou nesta sexta-feira (20), \u00e0s 18h,\u00a0 na Catedral de S\u00e3o Jos\u00e9, mais uma edi\u00e7\u00e3o do Encontro Diocesano de Forma\u00e7\u00e3o (EDF). A Santa Missa foi presidida pelo p\u00e1roco da Catedral, padre Gilvan, que na oportunidade disse: \u201cN\u00f3s estamos nessa missa fazendo a abertura oficial do Encontro deste ano, que \u00e9 promovido pela Coordena\u00e7\u00e3o Diocesana da Renova\u00e7\u00e3o&nbsp;<\/p>\n<p><a class=\"btn btn-style\" href=\"http:\/\/portalcatolico.net\/portal\/encontro-de-diocesano-de-formacao-esta-acontecendo-em-itabuna\/\">Continue Reading<\/a><\/p>\n","protected":false},"author":2,"featured_media":54594,"comment_status":"open","ping_status":"open","sticky":false,"template":"","format":"standard","meta":{"footnotes":""},"categories":[68],"tags":[],"class_list":["post-54593","post","type-post","status-publish","format-standard","has-post-thumbnail","hentry","category-homilias"],"_links":{"self":[{"href":"http:\/\/portalcatolico.net\/portal\/wp-json\/wp\/v2\/posts\/54593","targetHints":{"allow":["GET"]}}],"collection":[{"href":"http:\/\/portalcatolico.net\/portal\/wp-json\/wp\/v2\/posts"}],"about":[{"href":"http:\/\/portalcatolico.net\/portal\/wp-json\/wp\/v2\/types\/post"}],"author":[{"embeddable":true,"href":"http:\/\/portalcatolico.net\/portal\/wp-json\/wp\/v2\/users\/2"}],"replies":[{"embeddable":true,"href":"http:\/\/portalcatolico.net\/portal\/wp-json\/wp\/v2\/comments?post=54593"}],"version-history":[{"count":2,"href":"http:\/\/portalcatolico.net\/portal\/wp-json\/wp\/v2\/posts\/54593\/revisions"}],"predecessor-version":[{"id":54597,"href":"http:\/\/portalcatolico.net\/portal\/wp-json\/wp\/v2\/posts\/54593\/revisions\/54597"}],"wp:featuredmedia":[{"embeddable":true,"href":"http:\/\/portalcatolico.net\/portal\/wp-json\/wp\/v2\/media\/54594"}],"wp:attachment":[{"href":"http:\/\/portalcatolico.net\/portal\/wp-json\/wp\/v2\/media?parent=54593"}],"wp:term":[{"taxonomy":"category","embeddable":true,"href":"http:\/\/portalcatolico.net\/portal\/wp-json\/wp\/v2\/categories?post=54593"},{"taxonomy":"post_tag","embeddable":true,"href":"http:\/\/portalcatolico.net\/portal\/wp-json\/wp\/v2\/tags?post=54593"}],"curies":[{"name":"wp","href":"https:\/\/api.w.org\/{rel}","templated":true}]}}