{"id":54589,"date":"2018-04-21T06:44:58","date_gmt":"2018-04-21T09:44:58","guid":{"rendered":"http:\/\/portalcatolico.net\/portal\/?p=54589"},"modified":"2018-04-21T06:45:31","modified_gmt":"2018-04-21T09:45:31","slug":"papa-aos-jovens-cubanos-amem-jesus-e-amem-a-patria","status":"publish","type":"post","link":"http:\/\/portalcatolico.net\/portal\/papa-aos-jovens-cubanos-amem-jesus-e-amem-a-patria\/","title":{"rendered":"Papa aos jovens cubanos: amem Jesus e amem a p\u00e1tria"},"content":{"rendered":"<div class=\"article__subTitle\">\u201cBons patriotas, amem sua terra, amem sua p\u00e1tria!\u201d, exorta o Papa aos jovens de Cuba numa videomensagem.<\/div>\n<div class=\"title__separator\"><\/div>\n<div class=\"article__text\">\n<p>O Papa Francisco enviou uma mensagem aos jovens cubanos por ocasi\u00e3o do Encontro dos respons\u00e1veis pela Pastoral juvenil local.<\/p>\n<p>O evento se realiza na Casa Sacerdotal de Havana e \u00e9 organizado pela Comiss\u00e3o nacional da Pastoral juvenil, presidida por Dom Alvaro Julio Beyra Luarca, Bispo de Bayamo y Manzanillo.<\/p>\n<p>O Pont\u00edfice encoraja os jovens cubanos a se apaixonarem por Jesus e a terem um empenho sempre mais concreto a servi\u00e7o da Igreja \u201cnesta Cuba concreta de hoje, sem medo de ouvir a chamada de Deus nas situa\u00e7\u00f5es que se apresentam todos os dias\u201d.<\/p>\n<h2>Patriotismo<\/h2>\n<p>\u201cBons patriotas, amem sua terra, amem sua p\u00e1tria!\u201d, exorta o Papa, convidando a juventude cubana a ser generosa e abrir seu cora\u00e7\u00e3o ao Senhor.<\/p>\n<p>Francisco faz votos de que os esfor\u00e7os dos jovens n\u00e3o sejam somente em vista da pr\u00f3xima Jornada Mundial da Juventude no Panam\u00e1 e a da Jornada local, em Santiago, mas que eles possam ir al\u00e9m, que seja uma oportunidade para aprofundar os processos de f\u00e9. E que possam tamb\u00e9m continuar a construir a Igreja cubana de hoje e de amanh\u00e3, a P\u00e1tria cubana de hoje e de amanh\u00e3, conscintes de que n\u00e3o est\u00e3o s\u00f3s.<\/p>\n<p>O Papa ent\u00e3o conclui:<\/p>\n<div>\n<div class=\"article__embed article__embed--border embed_style\">\n<blockquote><p>\u201c Eu os convido a ir sempre avante: olhem para frente, amem sua terra, amem Jesus e que Nossa Senhora os proteja. Coragem! \u201d<\/p>\n<p>Foto:Divulga\u00e7\u00e3o<\/p>\n<p>Fonte: Vatican News<\/p><\/blockquote>\n<\/div>\n<\/div>\n<\/div>\n","protected":false},"excerpt":{"rendered":"<p>\u201cBons patriotas, amem sua terra, amem sua p\u00e1tria!\u201d, exorta o Papa aos jovens de Cuba numa videomensagem. O Papa Francisco enviou uma mensagem aos jovens cubanos por ocasi\u00e3o do Encontro dos respons\u00e1veis pela Pastoral juvenil local. O evento se realiza na Casa Sacerdotal de Havana e \u00e9 organizado pela Comiss\u00e3o nacional da Pastoral juvenil, presidida&nbsp;<\/p>\n<p><a class=\"btn btn-style\" href=\"http:\/\/portalcatolico.net\/portal\/papa-aos-jovens-cubanos-amem-jesus-e-amem-a-patria\/\">Continue Reading<\/a><\/p>\n","protected":false},"author":2,"featured_media":54590,"comment_status":"open","ping_status":"open","sticky":false,"template":"","format":"standard","meta":{"footnotes":""},"categories":[5],"tags":[],"class_list":["post-54589","post","type-post","status-publish","format-standard","has-post-thumbnail","hentry","category-igreja_no_mundo"],"_links":{"self":[{"href":"http:\/\/portalcatolico.net\/portal\/wp-json\/wp\/v2\/posts\/54589","targetHints":{"allow":["GET"]}}],"collection":[{"href":"http:\/\/portalcatolico.net\/portal\/wp-json\/wp\/v2\/posts"}],"about":[{"href":"http:\/\/portalcatolico.net\/portal\/wp-json\/wp\/v2\/types\/post"}],"author":[{"embeddable":true,"href":"http:\/\/portalcatolico.net\/portal\/wp-json\/wp\/v2\/users\/2"}],"replies":[{"embeddable":true,"href":"http:\/\/portalcatolico.net\/portal\/wp-json\/wp\/v2\/comments?post=54589"}],"version-history":[{"count":2,"href":"http:\/\/portalcatolico.net\/portal\/wp-json\/wp\/v2\/posts\/54589\/revisions"}],"predecessor-version":[{"id":54592,"href":"http:\/\/portalcatolico.net\/portal\/wp-json\/wp\/v2\/posts\/54589\/revisions\/54592"}],"wp:featuredmedia":[{"embeddable":true,"href":"http:\/\/portalcatolico.net\/portal\/wp-json\/wp\/v2\/media\/54590"}],"wp:attachment":[{"href":"http:\/\/portalcatolico.net\/portal\/wp-json\/wp\/v2\/media?parent=54589"}],"wp:term":[{"taxonomy":"category","embeddable":true,"href":"http:\/\/portalcatolico.net\/portal\/wp-json\/wp\/v2\/categories?post=54589"},{"taxonomy":"post_tag","embeddable":true,"href":"http:\/\/portalcatolico.net\/portal\/wp-json\/wp\/v2\/tags?post=54589"}],"curies":[{"name":"wp","href":"https:\/\/api.w.org\/{rel}","templated":true}]}}