{"id":54586,"date":"2018-04-20T20:35:05","date_gmt":"2018-04-20T23:35:05","guid":{"rendered":"http:\/\/portalcatolico.net\/portal\/?p=54586"},"modified":"2018-04-20T20:35:05","modified_gmt":"2018-04-20T23:35:05","slug":"encerra-se-a-56a-assembleia-geral-da-cnbb-em-aparecida-sp","status":"publish","type":"post","link":"http:\/\/portalcatolico.net\/portal\/encerra-se-a-56a-assembleia-geral-da-cnbb-em-aparecida-sp\/","title":{"rendered":"Encerra-se a 56\u00aa Assembleia Geral da CNBB, em Aparecida (SP)"},"content":{"rendered":"<p>Em cerim\u00f4nia transmitida por canais cat\u00f3licos de Televis\u00e3o, foi encerrada, solenemente, a 56\u00aa Assembleia da CNBB. Os bispos fizeram desse momento, ocasi\u00e3o de ora\u00e7\u00e3o e a\u00e7\u00e3o de gra\u00e7as. Cardeal Sergio da Rocha, presidente da CNBB, acompanhado por dom Murilo Krieger, vice-presidente, pelo\u00a0N\u00fancio Apost\u00f3lico, dom Giovanni d\u2019Aniello, e pelo coordenador dos trabalhos desses dois \u00faltimos dias, dom Jo\u00e3o Justino, arcebispo-coadjutor de Montes Claros (MG), agradeceu a todos que ajudaram na realiza\u00e7\u00e3o do evento.<\/p>\n<p>O N\u00fancio Apost\u00f3lico do Brasil leu uma mensagem do Papa: \u201c<em>O Papa os anima neste Ano do Laicato no Brasil a permanecer atentos aos sensus fidei do seu povo, t\u00e3o generoso e devoto. Ajudando os leigos a viver sempre em sintonia com seus pastores. O protagonismo do chamado a ser cada vez mais uma Igreja em sa\u00edda, na certeza de que a M\u00e3e Aparecida, cujo anivers\u00e1rio de 40 anos da restaura\u00e7\u00e3o de sua imagem se est\u00e1 celebrando, n\u00e3o deixar\u00e1 de interceder que caminha no Brasil para que possa sempre buscar a restaura\u00e7\u00e3o dos seus membros. O Papa Francisco, de cora\u00e7\u00e3o, envia a todos os bispos e suas dioceses do Brasil, a b\u00ean\u00e7\u00e3o apost\u00f3lica e pede, por favor, que continuem a rezar por ele<\/em>\u201c.<\/p>\n<p>Na quinta-feira, 19 de\u00a0 durante a \u00faltima coletiva\u00a0 em Aparecida (SP), o Cardeal Sergio da Rocha, arcebispo de Bras\u00edlia (DF) e presidente da entidade, destacou o clima de fraternidade que permeou o encontro do episcopado brasileiro que termina nesta sexta-feira, 20.<\/p>\n<p>Segundo dom Sergio, a Assembleia Geral vai muito al\u00e9m do que se pode considerar como pronunciamentos, declara\u00e7\u00f5es, notas, mensagens ou documentos que s\u00e3o elaborados e aprovados pelo episcopado brasileiro. \u201cN\u00f3s n\u00e3o nos reunimos apenas por produzir textos. Claro que eles s\u00e3o muito importantes. Mas a Assembleia quer ser, em primeiro lugar, um espa\u00e7o de conviv\u00eancia fraterna, de colegialidade episcopal\u201d, afirmou.<\/p>\n<p>\u201c<em>Posso dizer que essa Assembleia tem sido uma das que mais pudemos sentir essa unidade fraterna, essa proximidade afetuosa entre os bispos do Brasil\u201d, ressaltou o cardeal, chamando a aten\u00e7\u00e3o para os momentos de ora\u00e7\u00e3o e missas ao longo da Assembleia, al\u00e9m o retiro realizado nos dias 14 e 15. \u201c\u00c9 uma assembleia orante. Aqueles que querem oferecer a sua colabora\u00e7\u00e3o para a miss\u00e3o da Igreja no Brasil, buscam a luz a sabedoria, a for\u00e7a que vem de Deus, para poderem tomar as decis\u00f5es acertadas<\/em>\u201d, acrescentou.<\/p>\n<p>\u201c<em>N\u00f3s nos reunimos para, cada vez melhor orientar a miss\u00e3o evangelizadora da Igreja no Brasil, respeitando aquilo que \u00e9 pr\u00f3prio de cada diocese e de cada bispo, reunimo-nos para buscar, em comum, diretrizes, normas, orienta\u00e7\u00f5es, para vida da Igreja<\/em>\u201d, completou dom Sergio, citando as novas diretrizes para a forma\u00e7\u00e3o de presb\u00edteros aprovadas pelo episcopado, que agora ser\u00e3o encaminhada para o reconhecimento da Santa S\u00e9.<\/p>\n<p>O cardeal tamb\u00e9m mencionou a revis\u00e3o do Estatuto Can\u00f4nico da CNBB, finalizado nesta Assembleia, e a elei\u00e7\u00e3o dos delegados da Confer\u00eancia para o pr\u00f3ximo S\u00ednodo dos Bispos sobre juventude, f\u00e9 e discernimento vocacional, em outubro, no Vaticano. \u201cEsses nomes s\u00f3 poder\u00e3o ser divulgados oportunamente, uma vez confirmados pela Santa S\u00e9\u201d, explicou.<\/p>\n<p>Ao comentar a mensagem sobre ao povo brasileiro sobre as elei\u00e7\u00f5es de 2018, divulgada na coletiva, Dom Sergio esclareceu ao jornalistas que a CNBB, quando se pronuncia sobre quest\u00f5es sociais, n\u00e3o adota uma postura partid\u00e1ria. \u201c<em>N\u00f3s n\u00e3o temos partidos pol\u00edticos nem candidatos pr\u00f3prios e n\u00e3o somos e nem queremos ser partidos ou tratados como tal. Somos um organismo da Igreja que visa a comunh\u00e3o e a miss\u00e3o eclesial. E para cumprir essa miss\u00e3o \u00e9 que n\u00f3s orientamos os fi\u00e9is para sua participa\u00e7\u00e3o na vida social<\/em>\u201d.<\/p>\n<p>\u201c<em>Temos insistido na necessidade dos crist\u00e3os cat\u00f3licos participarem mais ativamente da vida pol\u00edtica. E isso exige crit\u00e9rios. A Doutrina Social \u00e9 uma fonte preciosa que os fi\u00e9is leigos e leigas necessitam conhecer cada vez mais e que n\u00f3s queremos por em pr\u00e1tica cada vez mais, para que jamais seja desvirtuada essa miss\u00e3o pr\u00f3pria da Igreja que \u00e9 evangelizar. N\u00f3s precisamos vivenciar a f\u00e9 n\u00e3o s\u00f3 dentro do templo, na hora das celebra\u00e7\u00f5es, mas no dia a dia da sociedade, inclusive, nos espa\u00e7os p\u00fablicos<\/em>\u201d, enfatizou o Presidente da CNBB.<\/p>\n<p>Informa\u00e7\u00f5es e foto do site oficial da CNBB<\/p>\n","protected":false},"excerpt":{"rendered":"<p>Em cerim\u00f4nia transmitida por canais cat\u00f3licos de Televis\u00e3o, foi encerrada, solenemente, a 56\u00aa Assembleia da CNBB. Os bispos fizeram desse momento, ocasi\u00e3o de ora\u00e7\u00e3o e a\u00e7\u00e3o de gra\u00e7as. Cardeal Sergio da Rocha, presidente da CNBB, acompanhado por dom Murilo Krieger, vice-presidente, pelo\u00a0N\u00fancio Apost\u00f3lico, dom Giovanni d\u2019Aniello, e pelo coordenador dos trabalhos desses dois \u00faltimos dias,&nbsp;<\/p>\n<p><a class=\"btn btn-style\" href=\"http:\/\/portalcatolico.net\/portal\/encerra-se-a-56a-assembleia-geral-da-cnbb-em-aparecida-sp\/\">Continue Reading<\/a><\/p>\n","protected":false},"author":2,"featured_media":54587,"comment_status":"open","ping_status":"open","sticky":false,"template":"","format":"standard","meta":{"footnotes":""},"categories":[4],"tags":[],"class_list":["post-54586","post","type-post","status-publish","format-standard","has-post-thumbnail","hentry","category-destaques"],"_links":{"self":[{"href":"http:\/\/portalcatolico.net\/portal\/wp-json\/wp\/v2\/posts\/54586","targetHints":{"allow":["GET"]}}],"collection":[{"href":"http:\/\/portalcatolico.net\/portal\/wp-json\/wp\/v2\/posts"}],"about":[{"href":"http:\/\/portalcatolico.net\/portal\/wp-json\/wp\/v2\/types\/post"}],"author":[{"embeddable":true,"href":"http:\/\/portalcatolico.net\/portal\/wp-json\/wp\/v2\/users\/2"}],"replies":[{"embeddable":true,"href":"http:\/\/portalcatolico.net\/portal\/wp-json\/wp\/v2\/comments?post=54586"}],"version-history":[{"count":1,"href":"http:\/\/portalcatolico.net\/portal\/wp-json\/wp\/v2\/posts\/54586\/revisions"}],"predecessor-version":[{"id":54588,"href":"http:\/\/portalcatolico.net\/portal\/wp-json\/wp\/v2\/posts\/54586\/revisions\/54588"}],"wp:featuredmedia":[{"embeddable":true,"href":"http:\/\/portalcatolico.net\/portal\/wp-json\/wp\/v2\/media\/54587"}],"wp:attachment":[{"href":"http:\/\/portalcatolico.net\/portal\/wp-json\/wp\/v2\/media?parent=54586"}],"wp:term":[{"taxonomy":"category","embeddable":true,"href":"http:\/\/portalcatolico.net\/portal\/wp-json\/wp\/v2\/categories?post=54586"},{"taxonomy":"post_tag","embeddable":true,"href":"http:\/\/portalcatolico.net\/portal\/wp-json\/wp\/v2\/tags?post=54586"}],"curies":[{"name":"wp","href":"https:\/\/api.w.org\/{rel}","templated":true}]}}