{"id":54583,"date":"2018-04-19T17:39:45","date_gmt":"2018-04-19T20:39:45","guid":{"rendered":"http:\/\/portalcatolico.net\/portal\/?p=54583"},"modified":"2018-04-19T21:40:05","modified_gmt":"2018-04-20T00:40:05","slug":"bispos-reunidos-em-sua-56a-assembleia-geral-enviam-mensagem-ao-povo-de-deus","status":"publish","type":"post","link":"http:\/\/portalcatolico.net\/portal\/bispos-reunidos-em-sua-56a-assembleia-geral-enviam-mensagem-ao-povo-de-deus\/","title":{"rendered":"Bispos reunidos em sua 56\u00aa Assembleia Geral enviam mensagem ao povo de Deus"},"content":{"rendered":"<p>O cardeal Sergio da Rocha, presidente da Confer\u00eancia Nacional dos Bispos do Brasil (CNBB) falou aos jornalistas reunidos na Coletiva de Imprensa da 56\u00aa Assembleia Geral da entidade, na tarde do dia 19 de abril, e pediu a dom Murilo Krieger, vice-presidente que lesse a mensagem da confer\u00eancia ao povo de Deus. O documento registra a comunh\u00e3o do episcopado brasileiro com o papa Francisco e destaca a necessidade de promover o di\u00e1logo respeitoso para estimular a comunh\u00e3o na f\u00e9 em tempo de politiza\u00e7\u00e3o e polariza\u00e7\u00f5es nas redes sociais. A mensagem retoma a natureza e a miss\u00e3o da entidade na sociedade brasileira. Confira, na sequ\u00eancia, a \u00edntegra do documento que ser\u00e1 enviado \u00e0 todas as 277 circunscri\u00e7\u00f5es eclesi\u00e1sticas do Brasil, incluindo arquidioceses, dioceses, prelazias, entre outras.<\/p>\n<p>Leia a Mensagem:<\/p>\n<p><strong>MENSAGEM DA CONFER\u00caNCIA NACIONAL DOS BISPOS DO BRASIL AO POVO DE DEUS<\/strong><\/p>\n<p><em>O que vimos e ouvimos n\u00f3s vos anunciamos, para que tamb\u00e9m v\u00f3s tenhais comunh\u00e3o conosco. Ora, a nossa comunh\u00e3o \u00e9 com o Pai e com o seu Filho Jesus Cristo (1 Jo 1,3)<\/em><\/p>\n<p>Em comunh\u00e3o com o Papa Francisco, n\u00f3s, Bispos membros da CNBB, reunidos na 56\u00aa Assembleia Geral, em Aparecida \u2013 SP, agradecemos a Deus pelos 65 anos da CNBB, dom de Deus para a Igreja e para a sociedade brasileira. Convidamos os membros de nossas comunidades e todas as pessoas de boa vontade a se associarem \u00e0 reflex\u00e3o que fazemos sobre nossa miss\u00e3o e assumirem conosco o compromisso de percorrer este caminho de comunh\u00e3o e servi\u00e7o.<\/p>\n<p>Vivemos um tempo de politiza\u00e7\u00e3o e polariza\u00e7\u00f5es que geram pol\u00eamicas pelas redes sociais e atingem a CNBB. Queremos promover o di\u00e1logo respeitoso, que estimule e fa\u00e7a crescer a nossa comunh\u00e3o na f\u00e9, pois, s\u00f3 permanecendo unidos em Cristo podemos experimentar a alegria de ser disc\u00edpulos mission\u00e1rios.<\/p>\n<p>A Igreja fundada por Cristo \u00e9 mist\u00e9rio de comunh\u00e3o: \u201cpovo reunido na unidade do Pai e do Filho e do Esp\u00edrito Santo\u201d (S\u00e3o Cipriano). Como Cristo amou a Igreja e se entregou por ela (cf. Ef 5,25), assim devemos am\u00e1-la e por ela nos doar. Por isso, n\u00e3o \u00e9 poss\u00edvel compreender a Igreja simplesmente a partir de categorias sociol\u00f3gicas, pol\u00edticas e ideol\u00f3gicas, pois ela \u00e9, na hist\u00f3ria, o povo de Deus, o corpo de Cristo, e o templo do Esp\u00edrito Santo.<\/p>\n<p>N\u00f3s, Bispos da Igreja Cat\u00f3lica, sucessores dos Ap\u00f3stolos, estamos unidos entre n\u00f3s por uma fraternidade sacramental e em comunh\u00e3o com o sucessor de Pedro; isso nos constitui um col\u00e9gio a servi\u00e7o da Igreja (cf. Christus Dominus, 3). O nosso afeto colegial se concretiza tamb\u00e9m nas Confer\u00eancias Episcopais, express\u00e3o da catolicidade e unidade da Igreja. O Conc\u00edlio Vaticano II, na Lumen Gentium, 23, atribui o surgimento das Confer\u00eancias \u00e0 Divina Provid\u00eancia e, no decreto Christus Dominus, 37, determina que sejam estabelecidas em todos os pa\u00edses em que est\u00e1 presente a Igreja.<\/p>\n<p>Em sua miss\u00e3o evangelizadora, a CNBB vem servindo \u00e0 sociedade brasileira, pautando sua atua\u00e7\u00e3o pelo Evangelho e pelo Magist\u00e9rio, particularmente pela Doutrina Social da Igreja. \u201cA f\u00e9 age pela caridade\u201d (Gl 5,6); por isso, a Igreja, a partir de Jesus Cristo, que revela o mist\u00e9rio do homem, promove o humanismo integral e solid\u00e1rio em defesa da vida, desde a concep\u00e7\u00e3o at\u00e9 o fim natural. Igualmente, a op\u00e7\u00e3o preferencial pelos pobres \u00e9 uma marca distintiva da hist\u00f3ria desta Confer\u00eancia. O Papa Bento XVI afirmou que \u201ca op\u00e7\u00e3o preferencial pelos pobres est\u00e1 impl\u00edcita na f\u00e9 cristol\u00f3gica naquele Deus que se fez pobre por n\u00f3s, para enriquecer-nos com a sua pobreza\u201d. \u00c9 a partir de Jesus Cristo que a Igreja se dedica aos pobres e marginalizados, pois neles ela toca a pr\u00f3pria carne sofredora de Cristo, como exorta o Papa Francisco.<\/p>\n<p>A CNBB n\u00e3o se identifica com nenhuma ideologia ou partido pol\u00edtico. As ideologias levam a dois erros nocivos: por um lado, transformar o cristianismo numa esp\u00e9cie de ONG, sem levar em conta a gra\u00e7a e a uni\u00e3o interior com Cristo; por outro, viver entregue ao intimismo, suspeitando do compromisso social dos outros e considerando-o superficial e mundano (cf. Gaudete et Exsultate, n. 100-101).<\/p>\n<p>Ao assumir posicionamentos pastorais em quest\u00f5es sociais, econ\u00f4micas e pol\u00edticas, a CNBB o faz por exig\u00eancia do Evangelho. A Igreja reivindica sempre a liberdade, a que tem direito, para pronunciar o seu ju\u00edzo moral acerca das realidades sociais, sempre que os direitos fundamentais da pessoa, o bem comum ou a salva\u00e7\u00e3o humana o exigirem (cf. Gaudium et Spes, 76). Isso nos compromete profeticamente. N\u00e3o podemos nos calar quando a vida \u00e9 amea\u00e7ada, os direitos desrespeitados, a justi\u00e7a corrompida e a viol\u00eancia instaurada. Se, por este motivo, formos perseguidos, nos configuraremos a Jesus Cristo, vivendo a bem-aventuran\u00e7a da persegui\u00e7\u00e3o (Mt 5,11).<\/p>\n<p>A Confer\u00eancia Episcopal, como institui\u00e7\u00e3o colegiada, n\u00e3o pode ser responsabilizada por palavras ou a\u00e7\u00f5es isoladas que n\u00e3o estejam em sintonia com a f\u00e9 da Igreja, sua liturgia e doutrina social, mesmo quando realizadas por eclesi\u00e1sticos.<\/p>\n<p>Neste Ano Nacional do Laicato, conclamamos todos os fi\u00e9is a viverem a integralidade da f\u00e9, na comunh\u00e3o eclesial, construindo uma sociedade impregnada dos valores do Reino de Deus. Para isso, a liberdade de express\u00e3o e o di\u00e1logo respons\u00e1vel s\u00e3o indispens\u00e1veis. Devem, por\u00e9m, ser pautados pela verdade, fortaleza, prud\u00eancia, rever\u00eancia e amor \u201cpara com aqueles que, em raz\u00e3o do seu cargo, representam a pessoa de Cristo\u201d (LG 37). \u201cPara discernir a verdade, \u00e9 preciso examinar aquilo que favorece a comunh\u00e3o e promove o bem e aquilo que, ao inv\u00e9s, tende a isolar, dividir e contrapor\u201d (Papa Francisco, Mensagem para o 52\u00ba dia Mundial das Comunica\u00e7\u00f5es de 2018).<\/p>\n<p>Deste Santu\u00e1rio de Nossa Senhora Aparecida, invocamos, por sua materna intercess\u00e3o, abundantes b\u00ean\u00e7\u00e3os divinas sobre todos.<\/p>\n<p>Aparecida-SP, 19 de abril de 2018.<\/p>\n<p><strong>Cardeal Sergio da Rocha<\/strong><br \/>\nArcebispo de Bras\u00edlia \u2013 DF<br \/>\nPresidente da CNBB<\/p>\n<p><strong>Dom Murilo Sebasti\u00e3o Ramos Krieger, SCJ<\/strong><br \/>\nArcebispo S\u00e3o Salvador da Bahia<br \/>\nVice-Presidente da CNBB<\/p>\n<p>Fonte:CNBB<\/p>\n","protected":false},"excerpt":{"rendered":"<p>O cardeal Sergio da Rocha, presidente da Confer\u00eancia Nacional dos Bispos do Brasil (CNBB) falou aos jornalistas reunidos na Coletiva de Imprensa da 56\u00aa Assembleia Geral da entidade, na tarde do dia 19 de abril, e pediu a dom Murilo Krieger, vice-presidente que lesse a mensagem da confer\u00eancia ao povo de Deus. O documento registra&nbsp;<\/p>\n<p><a class=\"btn btn-style\" href=\"http:\/\/portalcatolico.net\/portal\/bispos-reunidos-em-sua-56a-assembleia-geral-enviam-mensagem-ao-povo-de-deus\/\">Continue Reading<\/a><\/p>\n","protected":false},"author":2,"featured_media":54584,"comment_status":"open","ping_status":"open","sticky":false,"template":"","format":"standard","meta":{"footnotes":""},"categories":[4],"tags":[],"class_list":["post-54583","post","type-post","status-publish","format-standard","has-post-thumbnail","hentry","category-destaques"],"_links":{"self":[{"href":"http:\/\/portalcatolico.net\/portal\/wp-json\/wp\/v2\/posts\/54583","targetHints":{"allow":["GET"]}}],"collection":[{"href":"http:\/\/portalcatolico.net\/portal\/wp-json\/wp\/v2\/posts"}],"about":[{"href":"http:\/\/portalcatolico.net\/portal\/wp-json\/wp\/v2\/types\/post"}],"author":[{"embeddable":true,"href":"http:\/\/portalcatolico.net\/portal\/wp-json\/wp\/v2\/users\/2"}],"replies":[{"embeddable":true,"href":"http:\/\/portalcatolico.net\/portal\/wp-json\/wp\/v2\/comments?post=54583"}],"version-history":[{"count":1,"href":"http:\/\/portalcatolico.net\/portal\/wp-json\/wp\/v2\/posts\/54583\/revisions"}],"predecessor-version":[{"id":54585,"href":"http:\/\/portalcatolico.net\/portal\/wp-json\/wp\/v2\/posts\/54583\/revisions\/54585"}],"wp:featuredmedia":[{"embeddable":true,"href":"http:\/\/portalcatolico.net\/portal\/wp-json\/wp\/v2\/media\/54584"}],"wp:attachment":[{"href":"http:\/\/portalcatolico.net\/portal\/wp-json\/wp\/v2\/media?parent=54583"}],"wp:term":[{"taxonomy":"category","embeddable":true,"href":"http:\/\/portalcatolico.net\/portal\/wp-json\/wp\/v2\/categories?post=54583"},{"taxonomy":"post_tag","embeddable":true,"href":"http:\/\/portalcatolico.net\/portal\/wp-json\/wp\/v2\/tags?post=54583"}],"curies":[{"name":"wp","href":"https:\/\/api.w.org\/{rel}","templated":true}]}}