{"id":54578,"date":"2018-04-19T21:15:24","date_gmt":"2018-04-20T00:15:24","guid":{"rendered":"http:\/\/portalcatolico.net\/portal\/?p=54578"},"modified":"2018-04-19T21:15:24","modified_gmt":"2018-04-20T00:15:24","slug":"novenario-de-sao-jorge-acontece-em-ilheus","status":"publish","type":"post","link":"http:\/\/portalcatolico.net\/portal\/novenario-de-sao-jorge-acontece-em-ilheus\/","title":{"rendered":"Noven\u00e1rio de S\u00e3o Jorge acontece em Ilh\u00e9us"},"content":{"rendered":"<p style=\"font-weight: 400;\">\u201cCrist\u00e3os leigos e leigas na \u2018Igreja em sa\u00edda\u2019, a servi\u00e7o do Reino\u201d \u00e9 o tema deste ano da festa em homenagem a S\u00e3o Jorge, um dos padroeiros de Ilh\u00e9us.<\/p>\n<p style=\"font-weight: 400;\">O glorioso m\u00e1rtir S\u00e3o Jorge est\u00e1 sendo homenageado e celebrado em Ilh\u00e9us, desde o dia 14 deste m\u00eas, com missas \u00e0s 19h, na Catedral S\u00e3o Sebasti\u00e3o.<\/p>\n<p style=\"font-weight: 400;\">\u00a0Um dos pontos altos do evento, organizado pela comunidade cat\u00f3lica, tem programa\u00e7\u00e3o especial\u00a0no \u00faltimo dia de Noven\u00e1rio (23 de abril), com a presen\u00e7a de Andr\u00e9 Reis, Chefe de Gabinete do IPAC e representante do Governo do Estado. Na missa solene que acontecer\u00e1 \u00e0s 10h, ele ir\u00e1 assinar a Ordem de Servi\u00e7o da Obra de Restaura\u00e7\u00e3o da Igreja de S\u00e3o Jorge, considerada um dos principais pontos religiosos do munic\u00edpio ilheense.<\/p>\n<p style=\"font-weight: 400;\">Neste mesmo dia, para fechar as comemora\u00e7\u00f5es, vai acontecer a tradicional prociss\u00e3o \u00e0s 17h. Participe!<\/p>\n<p style=\"font-weight: 400;\">Foto:Divulga\u00e7\u00e3o<\/p>\n<p style=\"font-weight: 400;\">Reda\u00e7\u00e3o Portal cat\u00f3lico.Net<\/p>\n","protected":false},"excerpt":{"rendered":"<p>\u201cCrist\u00e3os leigos e leigas na \u2018Igreja em sa\u00edda\u2019, a servi\u00e7o do Reino\u201d \u00e9 o tema deste ano da festa em homenagem a S\u00e3o Jorge, um dos padroeiros de Ilh\u00e9us. O glorioso m\u00e1rtir S\u00e3o Jorge est\u00e1 sendo homenageado e celebrado em Ilh\u00e9us, desde o dia 14 deste m\u00eas, com missas \u00e0s 19h, na Catedral S\u00e3o Sebasti\u00e3o.&nbsp;<\/p>\n<p><a class=\"btn btn-style\" href=\"http:\/\/portalcatolico.net\/portal\/novenario-de-sao-jorge-acontece-em-ilheus\/\">Continue Reading<\/a><\/p>\n","protected":false},"author":2,"featured_media":54579,"comment_status":"open","ping_status":"open","sticky":false,"template":"","format":"standard","meta":{"footnotes":""},"categories":[4],"tags":[],"class_list":["post-54578","post","type-post","status-publish","format-standard","has-post-thumbnail","hentry","category-destaques"],"_links":{"self":[{"href":"http:\/\/portalcatolico.net\/portal\/wp-json\/wp\/v2\/posts\/54578","targetHints":{"allow":["GET"]}}],"collection":[{"href":"http:\/\/portalcatolico.net\/portal\/wp-json\/wp\/v2\/posts"}],"about":[{"href":"http:\/\/portalcatolico.net\/portal\/wp-json\/wp\/v2\/types\/post"}],"author":[{"embeddable":true,"href":"http:\/\/portalcatolico.net\/portal\/wp-json\/wp\/v2\/users\/2"}],"replies":[{"embeddable":true,"href":"http:\/\/portalcatolico.net\/portal\/wp-json\/wp\/v2\/comments?post=54578"}],"version-history":[{"count":1,"href":"http:\/\/portalcatolico.net\/portal\/wp-json\/wp\/v2\/posts\/54578\/revisions"}],"predecessor-version":[{"id":54580,"href":"http:\/\/portalcatolico.net\/portal\/wp-json\/wp\/v2\/posts\/54578\/revisions\/54580"}],"wp:featuredmedia":[{"embeddable":true,"href":"http:\/\/portalcatolico.net\/portal\/wp-json\/wp\/v2\/media\/54579"}],"wp:attachment":[{"href":"http:\/\/portalcatolico.net\/portal\/wp-json\/wp\/v2\/media?parent=54578"}],"wp:term":[{"taxonomy":"category","embeddable":true,"href":"http:\/\/portalcatolico.net\/portal\/wp-json\/wp\/v2\/categories?post=54578"},{"taxonomy":"post_tag","embeddable":true,"href":"http:\/\/portalcatolico.net\/portal\/wp-json\/wp\/v2\/tags?post=54578"}],"curies":[{"name":"wp","href":"https:\/\/api.w.org\/{rel}","templated":true}]}}