{"id":54575,"date":"2018-04-19T20:58:16","date_gmt":"2018-04-19T23:58:16","guid":{"rendered":"http:\/\/portalcatolico.net\/portal\/?p=54575"},"modified":"2018-04-19T21:35:00","modified_gmt":"2018-04-20T00:35:00","slug":"padroeira-do-bairro-de-fatima-em-itabuna-sera-celebrada-em-maio","status":"publish","type":"post","link":"http:\/\/portalcatolico.net\/portal\/padroeira-do-bairro-de-fatima-em-itabuna-sera-celebrada-em-maio\/","title":{"rendered":"Padroeira do bairro de F\u00e1tima em Itabuna ser\u00e1 celebrada em maio"},"content":{"rendered":"<p class=\"m_-8193944878724671392xgmail-msonospacing\"><em>A Par\u00f3quia Nossa Senhora de F\u00e1tima em Itabuna est\u00e1 preparando uma bela festa em homenagem a sua padroeira. O Noven\u00e1rio come\u00e7a no dia 3 de maio e segue at\u00e9 o dia 13.<u><\/u><u><\/u><\/em><\/p>\n<p class=\"m_-8193944878724671392xgmail-msonospacing\"><em><u><\/u>\u00a0<\/em><em>O tema central para este ano \u00e9: \u201cNossa Senhora de F\u00e1tima, ensina-nos a ser sal e luz no mundo\u201d e o lema \u201cAssim brilhe a Vossa luz diante dos homens (Mt 5, 16)\u201d.<u><\/u><u><\/u><\/em><\/p>\n<p class=\"m_-8193944878724671392xgmail-msonospacing\"><em>A programa\u00e7\u00e3o vai contar com missa todos os dias, quermesse logo ap\u00f3s a celebra\u00e7\u00e3o eucar\u00edstica, som ao vivo, arrast\u00e3o, no dia 03, pelas ruas do bairro de F\u00e1tima.<u><\/u><u><\/u><\/em><\/p>\n<p class=\"m_-8193944878724671392xgmail-msonospacing\"><em><u><\/u>\u00a0<\/em><em>A igreja matriz de Nossa Senhora de F\u00e1tima situa-se\u00a0\u00a0na Avenida Juraci Magalh\u00e3es, no bairro de F\u00e1tima, e tem como p\u00e1roco o Pe. Nicolau Klak. Participe!<\/em><\/p>\n<p class=\"m_-8193944878724671392xgmail-msonospacing\">Reda\u00e7\u00e3o Portal Cat\u00f3lico.Net<\/p>\n","protected":false},"excerpt":{"rendered":"<p>A Par\u00f3quia Nossa Senhora de F\u00e1tima em Itabuna est\u00e1 preparando uma bela festa em homenagem a sua padroeira. O Noven\u00e1rio come\u00e7a no dia 3 de maio e segue at\u00e9 o dia 13. \u00a0O tema central para este ano \u00e9: \u201cNossa Senhora de F\u00e1tima, ensina-nos a ser sal e luz no mundo\u201d e o lema \u201cAssim&nbsp;<\/p>\n<p><a class=\"btn btn-style\" href=\"http:\/\/portalcatolico.net\/portal\/padroeira-do-bairro-de-fatima-em-itabuna-sera-celebrada-em-maio\/\">Continue Reading<\/a><\/p>\n","protected":false},"author":2,"featured_media":54576,"comment_status":"open","ping_status":"open","sticky":false,"template":"","format":"standard","meta":{"footnotes":""},"categories":[1],"tags":[],"class_list":["post-54575","post","type-post","status-publish","format-standard","has-post-thumbnail","hentry","category-agenda"],"_links":{"self":[{"href":"http:\/\/portalcatolico.net\/portal\/wp-json\/wp\/v2\/posts\/54575","targetHints":{"allow":["GET"]}}],"collection":[{"href":"http:\/\/portalcatolico.net\/portal\/wp-json\/wp\/v2\/posts"}],"about":[{"href":"http:\/\/portalcatolico.net\/portal\/wp-json\/wp\/v2\/types\/post"}],"author":[{"embeddable":true,"href":"http:\/\/portalcatolico.net\/portal\/wp-json\/wp\/v2\/users\/2"}],"replies":[{"embeddable":true,"href":"http:\/\/portalcatolico.net\/portal\/wp-json\/wp\/v2\/comments?post=54575"}],"version-history":[{"count":2,"href":"http:\/\/portalcatolico.net\/portal\/wp-json\/wp\/v2\/posts\/54575\/revisions"}],"predecessor-version":[{"id":54582,"href":"http:\/\/portalcatolico.net\/portal\/wp-json\/wp\/v2\/posts\/54575\/revisions\/54582"}],"wp:featuredmedia":[{"embeddable":true,"href":"http:\/\/portalcatolico.net\/portal\/wp-json\/wp\/v2\/media\/54576"}],"wp:attachment":[{"href":"http:\/\/portalcatolico.net\/portal\/wp-json\/wp\/v2\/media?parent=54575"}],"wp:term":[{"taxonomy":"category","embeddable":true,"href":"http:\/\/portalcatolico.net\/portal\/wp-json\/wp\/v2\/categories?post=54575"},{"taxonomy":"post_tag","embeddable":true,"href":"http:\/\/portalcatolico.net\/portal\/wp-json\/wp\/v2\/tags?post=54575"}],"curies":[{"name":"wp","href":"https:\/\/api.w.org\/{rel}","templated":true}]}}