{"id":54572,"date":"2018-04-18T21:06:31","date_gmt":"2018-04-19T00:06:31","guid":{"rendered":"http:\/\/portalcatolico.net\/portal\/?p=54572"},"modified":"2018-04-18T21:06:31","modified_gmt":"2018-04-19T00:06:31","slug":"diocese-de-ilheus-realiza-xiv-romaria-da-terra-e-das-aguas","status":"publish","type":"post","link":"http:\/\/portalcatolico.net\/portal\/diocese-de-ilheus-realiza-xiv-romaria-da-terra-e-das-aguas\/","title":{"rendered":"Diocese de Ilh\u00e9us realiza XIV Romaria da Terra e das \u00c1guas"},"content":{"rendered":"<p style=\"font-weight: 400;\">A Diocese de Ilh\u00e9us, no sul da Bahia, realizar\u00e1 no dia 29 de abril, a XIV Romaria da Terra e das \u00c1guas e a par\u00f3quia anfitri\u00e3\u00a0\u00a0ser\u00e1 a de Nossa Senhora de Lourdes em Coaraci (BA), pois a mesma est\u00e1 em festa, comemorando\u00a0\u00a0o Jubileu de Ouro, 50 anos de\u00a0funda\u00e7\u00e3o\u00a0e evangeliza\u00e7\u00e3o.<\/p>\n<p style=\"font-weight: 400;\">Um dos\u00a0\u00a0organizadores do evento foi entrevistado em uma emissora de r\u00e1dio da cidade, nesta quarta-feira (18), e na oportunidade, falou sobre este evento.\u00a0\u00a0\u201cA gente se sente muito feliz em estar recebendo a Romaria neste tempo em que a gente percebe o cuidado que devemos ter com este evento, que tem proposta educativa, informativa, al\u00e9m de celebrativa. S\u00e3o esperadas aproximadamente\u00a0\u00a02 mil pessoas de toda os regionais e\u00a0\u00a0par\u00f3quias que comp\u00f5em a Diocese de Ilh\u00e9us. A concentra\u00e7\u00e3o come\u00e7a \u00e0s 8h, na entrada da cidade.\u201d<\/p>\n<p style=\"font-weight: 400;\">Os organizadores est\u00e3o vendendo camisa. Se voc\u00ea tiver interesse, entre em contato com a secretaria da par\u00f3quia, atrav\u00e9s\u00a0\u00a0do telefone: (73) 3241 1308.<\/p>\n<p style=\"font-weight: 400;\">Participe!<\/p>\n<p style=\"font-weight: 400;\">Reda\u00e7\u00e3o Portal Cat\u00f3lico<\/p>\n","protected":false},"excerpt":{"rendered":"<p>A Diocese de Ilh\u00e9us, no sul da Bahia, realizar\u00e1 no dia 29 de abril, a XIV Romaria da Terra e das \u00c1guas e a par\u00f3quia anfitri\u00e3\u00a0\u00a0ser\u00e1 a de Nossa Senhora de Lourdes em Coaraci (BA), pois a mesma est\u00e1 em festa, comemorando\u00a0\u00a0o Jubileu de Ouro, 50 anos de\u00a0funda\u00e7\u00e3o\u00a0e evangeliza\u00e7\u00e3o. Um dos\u00a0\u00a0organizadores do evento foi entrevistado&nbsp;<\/p>\n<p><a class=\"btn btn-style\" href=\"http:\/\/portalcatolico.net\/portal\/diocese-de-ilheus-realiza-xiv-romaria-da-terra-e-das-aguas\/\">Continue Reading<\/a><\/p>\n","protected":false},"author":2,"featured_media":54573,"comment_status":"open","ping_status":"open","sticky":false,"template":"","format":"standard","meta":{"footnotes":""},"categories":[1],"tags":[],"class_list":["post-54572","post","type-post","status-publish","format-standard","has-post-thumbnail","hentry","category-agenda"],"_links":{"self":[{"href":"http:\/\/portalcatolico.net\/portal\/wp-json\/wp\/v2\/posts\/54572","targetHints":{"allow":["GET"]}}],"collection":[{"href":"http:\/\/portalcatolico.net\/portal\/wp-json\/wp\/v2\/posts"}],"about":[{"href":"http:\/\/portalcatolico.net\/portal\/wp-json\/wp\/v2\/types\/post"}],"author":[{"embeddable":true,"href":"http:\/\/portalcatolico.net\/portal\/wp-json\/wp\/v2\/users\/2"}],"replies":[{"embeddable":true,"href":"http:\/\/portalcatolico.net\/portal\/wp-json\/wp\/v2\/comments?post=54572"}],"version-history":[{"count":1,"href":"http:\/\/portalcatolico.net\/portal\/wp-json\/wp\/v2\/posts\/54572\/revisions"}],"predecessor-version":[{"id":54574,"href":"http:\/\/portalcatolico.net\/portal\/wp-json\/wp\/v2\/posts\/54572\/revisions\/54574"}],"wp:featuredmedia":[{"embeddable":true,"href":"http:\/\/portalcatolico.net\/portal\/wp-json\/wp\/v2\/media\/54573"}],"wp:attachment":[{"href":"http:\/\/portalcatolico.net\/portal\/wp-json\/wp\/v2\/media?parent=54572"}],"wp:term":[{"taxonomy":"category","embeddable":true,"href":"http:\/\/portalcatolico.net\/portal\/wp-json\/wp\/v2\/categories?post=54572"},{"taxonomy":"post_tag","embeddable":true,"href":"http:\/\/portalcatolico.net\/portal\/wp-json\/wp\/v2\/tags?post=54572"}],"curies":[{"name":"wp","href":"https:\/\/api.w.org\/{rel}","templated":true}]}}