{"id":54569,"date":"2018-04-19T11:36:41","date_gmt":"2018-04-19T14:36:41","guid":{"rendered":"http:\/\/portalcatolico.net\/portal\/?p=54569"},"modified":"2018-04-18T20:37:29","modified_gmt":"2018-04-18T23:37:29","slug":"bahia-sera-sede-de-congresso-brasileiro-de-turismo-religioso","status":"publish","type":"post","link":"http:\/\/portalcatolico.net\/portal\/bahia-sera-sede-de-congresso-brasileiro-de-turismo-religioso\/","title":{"rendered":"Bahia ser\u00e1 sede de Congresso Brasileiro de Turismo Religioso"},"content":{"rendered":"<p>A Bahia ser\u00e1 sede da primeira edi\u00e7\u00e3o do Congresso Brasileiro de Turismo Religioso. O evento ocorrer\u00e1 nos dias 9 a 12 de maio, em Salvador, no Fiesta Convention Center (Itaigara), e vai reunir empres\u00e1rios, agentes pastorais, profissionais, representantes governamentais e de institui\u00e7\u00f5es que atuam no setor para discutir sobre o potencial competitivo deste mercado no Brasil e no Estado em torno do tema \u201cTurismo Religioso, Desenvolvimento Sustent\u00e1vel e Cultura de Paz\u201d. As inscri\u00e7\u00f5es est\u00e3o abertas e podem ser feitas pro meio do site:\u00a0<a href=\"http:\/\/www.congressoturismoreligioso.com.br\/\" target=\"_blank\" rel=\"noopener\" data-saferedirecturl=\"https:\/\/www.google.com\/url?hl=pt-BR&amp;q=http:\/\/www.congressoturismoreligioso.com.br&amp;source=gmail&amp;ust=1524147074959000&amp;usg=AFQjCNHR7D5sRcZAufn2_F3wz13Rr172-g\">www.congressoturismoreligioso.<wbr \/>com.br<\/a>.<\/p>\n<p>Organizado pela Pastoral de Turismo da Arquidiocese de Salvador, o congresso tamb\u00e9m tem como objetivo\u00a0divulgar a atratividade dos destinos religiosos baianos e partilhar conhecimento sobre as melhores formas de promover empreendedorismo e sustentabilidade nesta atividade.\u00a0\u201cProporcionaremos um grande f\u00f3rum para troca de experi\u00eancias, de oportunidade de neg\u00f3cios e de evangeliza\u00e7\u00e3o. Teremos acesso ao que acontece em outros Estados e vamos oferecer aos congressistas o que a Bahia tem a oferecer. Tudo isso com possibilidade de gera\u00e7\u00e3o de desenvolvimento sustent\u00e1vel e de cultura de paz\u201d, disse Padre Manoel Filho, coordenador geral do evento e da Pastur.<\/p>\n<p>Na programa\u00e7\u00e3o, an\u00e1lises de casos e mesas redondas trar\u00e3o para debate a mec\u00e2nica de p\u00f3los tur\u00edsticos do pa\u00eds que t\u00eam a f\u00e9 como motiva\u00e7\u00e3o, a exemplo de Bel\u00e9m do Par\u00e1, com o C\u00edrio de Nazar\u00e9, e o Santu\u00e1rio de Nossa Senhora Aparecida, em S\u00e3o Paulo, que atrai anualmente 12 milh\u00f5es de visitantes. Os atrativos baianos e de Salvador tamb\u00e9m ter\u00e3o espa\u00e7os pr\u00f3prios para discuss\u00e3o, com participantes de peso como a superintendente das Obras Sociais Irm\u00e3 Dulce, Maria Rita Pontes, e o historiador Francisco Senna.<\/p>\n<p>Outros palestrantes de refer\u00eancia tamb\u00e9m integram a grade cient\u00edfica, tais como o arcebispo do Rio de Janeiro, cardeal Dom Orani Jo\u00e3o Tempesta;\u00a0o reitor do Santu\u00e1rio Nossa Senhora Salete (Caldas Novas \u2013 Goi\u00e1s), padre Daniel Aguirre, o arcebispo de Salvador, Dom Murilo Krieger, que far\u00e1 a palestra magna de encerramento sobre o turismo religioso e os caminhos para a promo\u00e7\u00e3o humana integral.<\/p>\n<p>O Congresso Brasileiro de Turismo Religioso tem os apoios da Secretaria de Turismo da Bahia (Setur), Confedera\u00e7\u00e3o Nacional do Com\u00e9rcio de Bens, Servi\u00e7os e Turismo na Bahia (Fecom\u00e9rcio-BA), Confedera\u00e7\u00e3o Nacional dos Bispos do Brasil (CNBB),\u00a0\u00a0Associa\u00e7\u00e3o Baiana\u00a0dos Agentes de Viagens (ABAV), Associa\u00e7\u00e3o Baiana da Ind\u00fastria Hoteleira (ABIH), Universidade Cat\u00f3lica do Salvador (UCSAL) e Sebrae.<\/p>\n<p>Durante toda a programa\u00e7\u00e3o, estar\u00e1 ocorrendo tamb\u00e9m a Feira de Turismo Religioso, com expositores do setor de todo o pa\u00eds, na \u00e1rea externa do audit\u00f3rio. Maiores informa\u00e7\u00f5es no site:\u00a0<a href=\"http:\/\/www.congressoturismoreligioso.com.br\/\" target=\"_blank\" rel=\"noopener\" data-saferedirecturl=\"https:\/\/www.google.com\/url?hl=pt-BR&amp;q=http:\/\/www.congressoturismoreligioso.com.br&amp;source=gmail&amp;ust=1524147074959000&amp;usg=AFQjCNHR7D5sRcZAufn2_F3wz13Rr172-g\">www.congressoturismoreligioso.<wbr \/>com.br<\/a>.<\/p>\n<p>Informa\u00e7\u00f5es:Arquidiocese de Salvador<\/p>\n","protected":false},"excerpt":{"rendered":"<p>A Bahia ser\u00e1 sede da primeira edi\u00e7\u00e3o do Congresso Brasileiro de Turismo Religioso. O evento ocorrer\u00e1 nos dias 9 a 12 de maio, em Salvador, no Fiesta Convention Center (Itaigara), e vai reunir empres\u00e1rios, agentes pastorais, profissionais, representantes governamentais e de institui\u00e7\u00f5es que atuam no setor para discutir sobre o potencial competitivo deste mercado no&nbsp;<\/p>\n<p><a class=\"btn btn-style\" href=\"http:\/\/portalcatolico.net\/portal\/bahia-sera-sede-de-congresso-brasileiro-de-turismo-religioso\/\">Continue Reading<\/a><\/p>\n","protected":false},"author":2,"featured_media":54570,"comment_status":"open","ping_status":"open","sticky":false,"template":"","format":"standard","meta":{"footnotes":""},"categories":[1],"tags":[],"class_list":["post-54569","post","type-post","status-publish","format-standard","has-post-thumbnail","hentry","category-agenda"],"_links":{"self":[{"href":"http:\/\/portalcatolico.net\/portal\/wp-json\/wp\/v2\/posts\/54569","targetHints":{"allow":["GET"]}}],"collection":[{"href":"http:\/\/portalcatolico.net\/portal\/wp-json\/wp\/v2\/posts"}],"about":[{"href":"http:\/\/portalcatolico.net\/portal\/wp-json\/wp\/v2\/types\/post"}],"author":[{"embeddable":true,"href":"http:\/\/portalcatolico.net\/portal\/wp-json\/wp\/v2\/users\/2"}],"replies":[{"embeddable":true,"href":"http:\/\/portalcatolico.net\/portal\/wp-json\/wp\/v2\/comments?post=54569"}],"version-history":[{"count":1,"href":"http:\/\/portalcatolico.net\/portal\/wp-json\/wp\/v2\/posts\/54569\/revisions"}],"predecessor-version":[{"id":54571,"href":"http:\/\/portalcatolico.net\/portal\/wp-json\/wp\/v2\/posts\/54569\/revisions\/54571"}],"wp:featuredmedia":[{"embeddable":true,"href":"http:\/\/portalcatolico.net\/portal\/wp-json\/wp\/v2\/media\/54570"}],"wp:attachment":[{"href":"http:\/\/portalcatolico.net\/portal\/wp-json\/wp\/v2\/media?parent=54569"}],"wp:term":[{"taxonomy":"category","embeddable":true,"href":"http:\/\/portalcatolico.net\/portal\/wp-json\/wp\/v2\/categories?post=54569"},{"taxonomy":"post_tag","embeddable":true,"href":"http:\/\/portalcatolico.net\/portal\/wp-json\/wp\/v2\/tags?post=54569"}],"curies":[{"name":"wp","href":"https:\/\/api.w.org\/{rel}","templated":true}]}}