{"id":54566,"date":"2018-04-18T19:50:33","date_gmt":"2018-04-18T22:50:33","guid":{"rendered":"http:\/\/portalcatolico.net\/portal\/?p=54566"},"modified":"2018-04-18T19:50:33","modified_gmt":"2018-04-18T22:50:33","slug":"esta-jovem-decidiu-ser-religiosa-depois-de-escutar-sua-cancao-favorita-no-youtube","status":"publish","type":"post","link":"http:\/\/portalcatolico.net\/portal\/esta-jovem-decidiu-ser-religiosa-depois-de-escutar-sua-cancao-favorita-no-youtube\/","title":{"rendered":"Esta jovem decidiu ser religiosa depois de escutar sua can\u00e7\u00e3o favorita no YouTube"},"content":{"rendered":"<p>Lauren Franko \u00e9 uma jovem religiosa de clausura que sentiu o chamado \u00e0\u00a0vida\u00a0religiosa depois de escutar no YouTube sua can\u00e7\u00e3o favorita, \u201cOnly Hope\u201d (\u00danica Esperan\u00e7a), do filme rom\u00e2ntico \u201cUm amor para recordar\u201d.<\/p>\n<p>Naquela ocasi\u00e3o, Lauren tinha apenas 21 anos, estudava biologia e passava o tempo com seu namorado. A vida religiosa n\u00e3o estava em seus planos, mas durante uma certa noite, logo depois de ter rezado a Deus para que lhe mostrasse o caminho que devia seguir, ouviu uma voz que lhe dizia: \u201cVoc\u00ea se casaria comigo? \u201d. Nesse momento, sentiu que devia se entregar a Deus.<\/p>\n<p>Uma parte da letra da can\u00e7\u00e3o \u201cOnly Hope\u201d diz: \u201cH\u00e1 uma can\u00e7\u00e3o dentro da minha alma, a qual tentei escrever uma e outra vez. Estou acordada no frio infinito. Mas me cantas uma e outra vez\u2026 me cantas sobre os planos que tens para mim uma e outra vez\u2026 Assim, coloco a minha cabe\u00e7a para tr\u00e1s, elevo as minhas m\u00e3os e rezo. Para ser s\u00f3 tua, rezo. E agora sei que \u00e9 minha \u00fanica esperan\u00e7a\u201d.<\/p>\n<p><iframe loading=\"lazy\"  id=\"_ytid_68497\"  width=\"480\" height=\"360\"  data-origwidth=\"480\" data-origheight=\"360\" src=\"https:\/\/www.youtube.com\/embed\/MgBPP_E5MZA?enablejsapi=1&#038;autoplay=0&#038;cc_load_policy=0&#038;cc_lang_pref=&#038;iv_load_policy=1&#038;loop=0&#038;rel=1&#038;fs=1&#038;playsinline=0&#038;autohide=2&#038;theme=dark&#038;color=red&#038;controls=1&#038;disablekb=0&#038;\" class=\"__youtube_prefs__  epyt-is-override  no-lazyload\" title=\"YouTube player\"  allow=\"fullscreen; accelerometer; autoplay; clipboard-write; encrypted-media; gyroscope; picture-in-picture; web-share\" referrerpolicy=\"strict-origin-when-cross-origin\" allowfullscreen data-no-lazy=\"1\" data-skipgform_ajax_framebjll=\"\"><\/iframe><\/p>\n<p>\u201cQuando estava discernindo para saber o que devia fazer da minha vida, percebi que nada era suficiente para mim, nada encheria a minha vida de sentido e eu tinha que me entregar de uma forma mais radical a Deus\u201d, comentou a jovem.<\/p>\n<p>Seus pais e amigas se opuseram, mas ela permaneceu firme e deixou o que chamava \u201cuma vida rica e plena no mundo\u201d para ingressar em 2008 no convento de clausura das religiosas dominicanas de Nossa Senhora do Ros\u00e1rio, localizado em Summit, Nova Jersey (Estados Unidos), com o nome de Maria Teresa do Sagrado Cora\u00e7\u00e3o.<\/p>\n<p>Com apenas tr\u00eas semanas morando no convento, Lauren conheceu a fot\u00f3grafa Toni Greaves, que foi ao local para fazer uma reportagem sobre a vida das religiosas.<\/p>\n<p>Lauren era a mais jovem do grupo e sua hist\u00f3ria e amor por Deus impressionaram tanto Greaves, que decidiu torn\u00e1-la protagonista da reportagem fotogr\u00e1fica \u201cRadical Love\u201d (Amor radical).<\/p>\n<p>No texto de apresenta\u00e7\u00e3o, Greaves a descreveu como \u201cuma linda e vibrante jovem. Embora esteja em seus 20\u00b4s, sua energia de menina desafia a sua idade e exp\u00f5e uma curiosa mistura de uma menina que est\u00e1 buscando-se como mulher e tamb\u00e9m como religiosa\u201d.<\/p>\n<p>Durante os tr\u00eas anos seguintes, a fot\u00f3grafa continuou capturando v\u00e1rios momentos da vida da irm\u00e3 Maria Teresa do Sagrado Cora\u00e7\u00e3o.<\/p>\n<p>O resultado desse tempo que compartilhou junto \u00e0 religiosa foram outros dois trabalhos intitulados \u201cRadical Love, The Promise\u201d (Amor radical, a Promessa) e \u201cRadical Love, The Vow\u201d (Amor radical, o Voto).<\/p>\n<p>\u201cA vitalidade de todas essas jovens \u00e9 a energia que encarnamos quando estamos amando&#8230; foi uma experi\u00eancia incr\u00edvel para mim\u201d, comentou a fot\u00f3grafa ao \u2018New York Times\u2019.<\/p>\n<p>O convento das irm\u00e3s dominicanas foi fundado em 1991 em Nova Iorque pelo Cardeal John O&#8217;Connor. Depois, mudaram-se para Nova Jersey. Atualmente, vivem neste convento mais de 20 religiosas cujas idades s\u00e3o entre 21 e 92 anos.<\/p>\n<p>Para se sustentar, fazem implementos de madeira e elaboram sab\u00f5es. Em 2015, fizeram os sab\u00f5es que o Papa Francisco usou durante sua visita \u00e0 Filad\u00e9lfia, a pedido de Dom Charles Chaput, Arcebispo da cidade. (Aci digital)<\/p>\n<p>Por Maria Ximena Rond\u00f3n<\/p>\n<p>&nbsp;<\/p>\n","protected":false},"excerpt":{"rendered":"<p>Lauren Franko \u00e9 uma jovem religiosa de clausura que sentiu o chamado \u00e0\u00a0vida\u00a0religiosa depois de escutar no YouTube sua can\u00e7\u00e3o favorita, \u201cOnly Hope\u201d (\u00danica Esperan\u00e7a), do filme rom\u00e2ntico \u201cUm amor para recordar\u201d. Naquela ocasi\u00e3o, Lauren tinha apenas 21 anos, estudava biologia e passava o tempo com seu namorado. A vida religiosa n\u00e3o estava em seus&nbsp;<\/p>\n<p><a class=\"btn btn-style\" href=\"http:\/\/portalcatolico.net\/portal\/esta-jovem-decidiu-ser-religiosa-depois-de-escutar-sua-cancao-favorita-no-youtube\/\">Continue Reading<\/a><\/p>\n","protected":false},"author":2,"featured_media":54567,"comment_status":"open","ping_status":"open","sticky":false,"template":"","format":"standard","meta":{"footnotes":""},"categories":[5],"tags":[],"class_list":["post-54566","post","type-post","status-publish","format-standard","has-post-thumbnail","hentry","category-igreja_no_mundo"],"_links":{"self":[{"href":"http:\/\/portalcatolico.net\/portal\/wp-json\/wp\/v2\/posts\/54566","targetHints":{"allow":["GET"]}}],"collection":[{"href":"http:\/\/portalcatolico.net\/portal\/wp-json\/wp\/v2\/posts"}],"about":[{"href":"http:\/\/portalcatolico.net\/portal\/wp-json\/wp\/v2\/types\/post"}],"author":[{"embeddable":true,"href":"http:\/\/portalcatolico.net\/portal\/wp-json\/wp\/v2\/users\/2"}],"replies":[{"embeddable":true,"href":"http:\/\/portalcatolico.net\/portal\/wp-json\/wp\/v2\/comments?post=54566"}],"version-history":[{"count":1,"href":"http:\/\/portalcatolico.net\/portal\/wp-json\/wp\/v2\/posts\/54566\/revisions"}],"predecessor-version":[{"id":54568,"href":"http:\/\/portalcatolico.net\/portal\/wp-json\/wp\/v2\/posts\/54566\/revisions\/54568"}],"wp:featuredmedia":[{"embeddable":true,"href":"http:\/\/portalcatolico.net\/portal\/wp-json\/wp\/v2\/media\/54567"}],"wp:attachment":[{"href":"http:\/\/portalcatolico.net\/portal\/wp-json\/wp\/v2\/media?parent=54566"}],"wp:term":[{"taxonomy":"category","embeddable":true,"href":"http:\/\/portalcatolico.net\/portal\/wp-json\/wp\/v2\/categories?post=54566"},{"taxonomy":"post_tag","embeddable":true,"href":"http:\/\/portalcatolico.net\/portal\/wp-json\/wp\/v2\/tags?post=54566"}],"curies":[{"name":"wp","href":"https:\/\/api.w.org\/{rel}","templated":true}]}}