{"id":54559,"date":"2018-04-18T06:18:14","date_gmt":"2018-04-18T09:18:14","guid":{"rendered":"http:\/\/portalcatolico.net\/portal\/?p=54559"},"modified":"2018-04-18T06:18:14","modified_gmt":"2018-04-18T09:18:14","slug":"paroquia-santa-rita-de-cassia-prepara-grande-festa-em-comemoracao-aos-50-anos-de-evangelizacao","status":"publish","type":"post","link":"http:\/\/portalcatolico.net\/portal\/paroquia-santa-rita-de-cassia-prepara-grande-festa-em-comemoracao-aos-50-anos-de-evangelizacao\/","title":{"rendered":"Par\u00f3quia Santa Rita de C\u00e1ssia prepara grande festa em comemora\u00e7\u00e3o aos 50 anos de evangeliza\u00e7\u00e3o"},"content":{"rendered":"<div dir=\"auto\"><i>A Par\u00f3quia Santa Rita de\u00a0<\/i><i>C\u00e1ssia<\/i><i>\u00a0situada no bairro S\u00e3o Caetano em Itabuna (BA), comemora no pr\u00f3ximo m\u00eas o Ano\u00a0<\/i><i>Jubilar<\/i><i>, ou seja, 50 anos de evangeliza\u00e7\u00e3o<\/i><i>.<\/i><\/div>\n<div dir=\"auto\"><i><i>A partir deste m\u00eas, uma vasta programa\u00e7\u00e3o est\u00e1 sendo planejada pelos coordenadores de pastorais e movimentos da par\u00f3quia, com o intuito de deixar ainda mais bonita as comemora\u00e7\u00f5es pelo meio s\u00e9culo de exist\u00eancia desta par\u00f3quia que atrai tantos fieis.<\/i><\/i><\/div>\n<div dir=\"auto\"><i>Entre essas comemora\u00e7\u00f5es, vale destacar o grande show com cantores cat\u00f3licos, que acontecer\u00e1 no dia 12 de maio. Fique atento a este site, pois em breve ser\u00e3o divulgados mais detalhes sobre este evento.<\/i><\/div>\n<div dir=\"auto\"><i>Tamb\u00e9m em maio, ser\u00e1 finalmente inaugurado o monumento em homenagem ao Frei Joaquim\u00a0<\/i><i>Cameli<\/i><i>\u00a0(<\/i><i>in<\/i><i>\u00a0memoriam), que foi fundador do convento de Santa Rita de C\u00e1ssia.<\/i><\/div>\n<div dir=\"auto\"><i>J\u00e1 no dia 21 de maio, j\u00e1 est\u00e1 confirmada a vinda do Pe. Paulo Avelino da Par\u00f3quia Nossa Senhora do Resgate da Arquidiocese \u00a0de Salvador. Essa ser\u00e1 a 2\u00aa vez que o sacerdote marca presen\u00e7a na matriz de Santa Rita.<\/i><\/div>\n<div dir=\"auto\"><i>Conforme Frei Jos\u00e9 Genilton, p\u00e1roco desta matriz, &#8220;estes s\u00e3o\u00a0momentos de muita alegria pela viv\u00eancia do Ano Jubilar. Por isso, este meio s\u00e9culo de exist\u00eancia de nossa par\u00f3quia \u00e9 uma oportunidade \u00fanica para se celebrar e viver o Jubileu de Ouro. Come\u00e7ou a se planejar este momentos de festa j\u00e1 no ano passado, pois tudo isso demanda dedica\u00e7\u00e3o e tempo. Por isso, este \u00e9 o momento de fortalecermos nossos v\u00ednculos familiares e de celebrar a vida e a uni\u00e3o. Estamos em festa e convidamos a todo a popula\u00e7\u00e3o, devotos de Santa Rita de C\u00e1ssia e paroquianos para que venham celebrar conosco&#8221;<\/i>.<\/div>\n<div dir=\"auto\">Ent\u00e3o, marque a\u00ed na sua agenda: o<i>\u00a0Noven\u00e1rio \u00a0e Festa dos 50 anos de Santa Rita de C\u00e1ssia ter\u00e1 inicio no dia 12 e segue at\u00e9 o dia 22<\/i>\u00a0de maio.<\/div>\n<div dir=\"auto\"><i>Em breve, este site estar\u00e1 divulgando a programa\u00e7\u00e3o completa dessa grande festa<\/i>. Aguarde!<\/div>\n<div dir=\"auto\">Foto:Arquivo\/Portal Cat\u00f3lico<\/div>\n<div dir=\"auto\">Texto:Reda\u00e7\u00e3o Portal Cat\u00f3lico<\/div>\n","protected":false},"excerpt":{"rendered":"<p>A Par\u00f3quia Santa Rita de\u00a0C\u00e1ssia\u00a0situada no bairro S\u00e3o Caetano em Itabuna (BA), comemora no pr\u00f3ximo m\u00eas o Ano\u00a0Jubilar, ou seja, 50 anos de evangeliza\u00e7\u00e3o. A partir deste m\u00eas, uma vasta programa\u00e7\u00e3o est\u00e1 sendo planejada pelos coordenadores de pastorais e movimentos da par\u00f3quia, com o intuito de deixar ainda mais bonita as comemora\u00e7\u00f5es pelo meio s\u00e9culo&nbsp;<\/p>\n<p><a class=\"btn btn-style\" href=\"http:\/\/portalcatolico.net\/portal\/paroquia-santa-rita-de-cassia-prepara-grande-festa-em-comemoracao-aos-50-anos-de-evangelizacao\/\">Continue Reading<\/a><\/p>\n","protected":false},"author":2,"featured_media":54560,"comment_status":"open","ping_status":"open","sticky":false,"template":"","format":"standard","meta":{"footnotes":""},"categories":[4],"tags":[],"class_list":["post-54559","post","type-post","status-publish","format-standard","has-post-thumbnail","hentry","category-destaques"],"_links":{"self":[{"href":"http:\/\/portalcatolico.net\/portal\/wp-json\/wp\/v2\/posts\/54559","targetHints":{"allow":["GET"]}}],"collection":[{"href":"http:\/\/portalcatolico.net\/portal\/wp-json\/wp\/v2\/posts"}],"about":[{"href":"http:\/\/portalcatolico.net\/portal\/wp-json\/wp\/v2\/types\/post"}],"author":[{"embeddable":true,"href":"http:\/\/portalcatolico.net\/portal\/wp-json\/wp\/v2\/users\/2"}],"replies":[{"embeddable":true,"href":"http:\/\/portalcatolico.net\/portal\/wp-json\/wp\/v2\/comments?post=54559"}],"version-history":[{"count":1,"href":"http:\/\/portalcatolico.net\/portal\/wp-json\/wp\/v2\/posts\/54559\/revisions"}],"predecessor-version":[{"id":54561,"href":"http:\/\/portalcatolico.net\/portal\/wp-json\/wp\/v2\/posts\/54559\/revisions\/54561"}],"wp:featuredmedia":[{"embeddable":true,"href":"http:\/\/portalcatolico.net\/portal\/wp-json\/wp\/v2\/media\/54560"}],"wp:attachment":[{"href":"http:\/\/portalcatolico.net\/portal\/wp-json\/wp\/v2\/media?parent=54559"}],"wp:term":[{"taxonomy":"category","embeddable":true,"href":"http:\/\/portalcatolico.net\/portal\/wp-json\/wp\/v2\/categories?post=54559"},{"taxonomy":"post_tag","embeddable":true,"href":"http:\/\/portalcatolico.net\/portal\/wp-json\/wp\/v2\/tags?post=54559"}],"curies":[{"name":"wp","href":"https:\/\/api.w.org\/{rel}","templated":true}]}}