{"id":54554,"date":"2018-04-17T20:04:24","date_gmt":"2018-04-17T23:04:24","guid":{"rendered":"http:\/\/portalcatolico.net\/portal\/?p=54554"},"modified":"2018-04-17T20:05:12","modified_gmt":"2018-04-17T23:05:12","slug":"encontro-diocesano-de-formacao-comeca-nesta-sexta-feira-confira-a-programacao","status":"publish","type":"post","link":"http:\/\/portalcatolico.net\/portal\/encontro-diocesano-de-formacao-comeca-nesta-sexta-feira-confira-a-programacao\/","title":{"rendered":"Encontro Diocesano de Forma\u00e7\u00e3o come\u00e7a nesta sexta-feira. Confira a programa\u00e7\u00e3o!"},"content":{"rendered":"<p style=\"font-weight: 400;\"><em>A Renova\u00e7\u00e3o\u00a0Carism\u00e1tica Cat\u00f3lica da Diocese de Itabuna, no sul da Bahia, realizar\u00e1\u00a0nos dia 20, 21 e 22 de abril, o Encontro Diocesano de Forma\u00e7\u00e3o\u00a0(EDF)\u00a0para coordenadores e minist\u00e9rios.<\/em><\/p>\n<p style=\"font-weight: 400;\"><em>O\u00a0\u00a0Encontro ser\u00e1 realizado na Terceira Via Hall. O espa\u00e7o de eventos\u00a0fica localizado\u00a0na\u00a0Avenida Jos\u00e9\u00a0Soares Pinheiro,1718,\u00a0no bairro Lomanto em Itabuna .<\/em><\/p>\n<p style=\"font-weight: 400; text-align: center;\">Confira a programa\u00e7\u00e3o completa!<\/p>\n<p style=\"font-weight: 400;\"><strong>20 de abril \/ SEXTA-FEIRA<\/strong><\/p>\n<p style=\"font-weight: 400;\">18h Missa de Abertura na Catedral de S\u00e3o Jos\u00e9 &#8211; Itabuna<\/p>\n<p style=\"font-weight: 400;\">19h30 Encerramento<\/p>\n<p style=\"font-weight: 400;\"><strong>21 de abril \/ S\u00c1BADO (Terceira Via Hall)<\/strong><\/p>\n<p style=\"font-weight: 400;\">07h30- Santo Ter\u00e7o<\/p>\n<p style=\"font-weight: 400;\">08h- Abertura \/ Acolhida \/ Ora\u00e7\u00e3o<\/p>\n<p style=\"font-weight: 400;\">09h- 1\u00aa Prega\u00e7\u00e3o: \u201cEu sou Aquele que \u00e9, que era e que vir\u00e1, o Todo Poderoso.\u201d (Cf Ap 1,8)<\/p>\n<p style=\"font-weight: 400;\">09h50- Adora\u00e7\u00e3o Eucar\u00edstica<\/p>\n<p style=\"font-weight: 400;\">10h30- Intervalo<\/p>\n<p style=\"font-weight: 400;\">11h- Anima\u00e7\u00e3o e Ora\u00e7\u00e3o<\/p>\n<p style=\"font-weight: 400;\">11h15- 2\u00aa Prega\u00e7\u00e3o: \u201cEis que Estou \u00e0 porta e bato\u201d (Cf Ap 3, 20a)<\/p>\n<p style=\"font-weight: 400;\">12h15-Comunica\u00e7\u00e3o de Palco \/ Direcionamentos<\/p>\n<p style=\"font-weight: 400;\">12h30- Intervalo para Almo\u00e7o<\/p>\n<p style=\"font-weight: 400;\">14h- Workshops<\/p>\n<p style=\"font-weight: 400;\">16h- Intervalo<\/p>\n<p style=\"font-weight: 400;\">16h30- Workshops<\/p>\n<p style=\"font-weight: 400;\">18h- Encerramento dos Workshops<\/p>\n<p style=\"font-weight: 400;\">18h30- Santa Missa<\/p>\n<p style=\"font-weight: 400;\">20h- Encerramento<\/p>\n<p style=\"font-weight: 400;\"><strong>22 de abril \/ DOMINGO (Terceira Via Hall)<\/strong><\/p>\n<p style=\"font-weight: 400;\">07h30- Workshops<\/p>\n<p style=\"font-weight: 400;\">10h- Encerramento dos Workshops<\/p>\n<p style=\"font-weight: 400;\">10h30- Anima\u00e7\u00e3o \/ Louvor \/ Ora\u00e7\u00e3o<\/p>\n<p style=\"font-weight: 400;\">11h- 3\u00aa Prega\u00e7\u00e3o: Retornando ao Primeiro Amor<\/p>\n<p style=\"font-weight: 400;\">12- Intervalo para Almo\u00e7o<\/p>\n<p style=\"font-weight: 400;\">13h30- Anima\u00e7\u00e3o \/ Ora\u00e7\u00e3o<\/p>\n<p style=\"font-weight: 400;\">14h- 4\u00aa Prega\u00e7\u00e3o: Grupo de Ora\u00e7\u00e3o a alma da Renova\u00e7\u00e3o<\/p>\n<p style=\"font-weight: 400;\">15h- Intervalo para Prepara\u00e7\u00e3o da Missa<\/p>\n<p style=\"font-weight: 400;\">15h30- Santa Missa<\/p>\n<p style=\"font-weight: 400;\">17h- Encerramento do EDF 2018<\/p>\n<p style=\"font-weight: 400;\">\u00a0Informa\u00e7\u00f5es: RCC-Diocese de Itabuna<\/p>\n<p>Edi\u00e7\u00e3o de texto: Anara Passos (Jornalista DRT 7574)<\/p>\n<p>&nbsp;<\/p>\n","protected":false},"excerpt":{"rendered":"<p>A Renova\u00e7\u00e3o\u00a0Carism\u00e1tica Cat\u00f3lica da Diocese de Itabuna, no sul da Bahia, realizar\u00e1\u00a0nos dia 20, 21 e 22 de abril, o Encontro Diocesano de Forma\u00e7\u00e3o\u00a0(EDF)\u00a0para coordenadores e minist\u00e9rios. O\u00a0\u00a0Encontro ser\u00e1 realizado na Terceira Via Hall. O espa\u00e7o de eventos\u00a0fica localizado\u00a0na\u00a0Avenida Jos\u00e9\u00a0Soares Pinheiro,1718,\u00a0no bairro Lomanto em Itabuna . Confira a programa\u00e7\u00e3o completa! 20 de abril \/ SEXTA-FEIRA&nbsp;<\/p>\n<p><a class=\"btn btn-style\" href=\"http:\/\/portalcatolico.net\/portal\/encontro-diocesano-de-formacao-comeca-nesta-sexta-feira-confira-a-programacao\/\">Continue Reading<\/a><\/p>\n","protected":false},"author":2,"featured_media":54555,"comment_status":"open","ping_status":"open","sticky":false,"template":"","format":"standard","meta":{"footnotes":""},"categories":[1],"tags":[],"class_list":["post-54554","post","type-post","status-publish","format-standard","has-post-thumbnail","hentry","category-agenda"],"_links":{"self":[{"href":"http:\/\/portalcatolico.net\/portal\/wp-json\/wp\/v2\/posts\/54554","targetHints":{"allow":["GET"]}}],"collection":[{"href":"http:\/\/portalcatolico.net\/portal\/wp-json\/wp\/v2\/posts"}],"about":[{"href":"http:\/\/portalcatolico.net\/portal\/wp-json\/wp\/v2\/types\/post"}],"author":[{"embeddable":true,"href":"http:\/\/portalcatolico.net\/portal\/wp-json\/wp\/v2\/users\/2"}],"replies":[{"embeddable":true,"href":"http:\/\/portalcatolico.net\/portal\/wp-json\/wp\/v2\/comments?post=54554"}],"version-history":[{"count":2,"href":"http:\/\/portalcatolico.net\/portal\/wp-json\/wp\/v2\/posts\/54554\/revisions"}],"predecessor-version":[{"id":54557,"href":"http:\/\/portalcatolico.net\/portal\/wp-json\/wp\/v2\/posts\/54554\/revisions\/54557"}],"wp:featuredmedia":[{"embeddable":true,"href":"http:\/\/portalcatolico.net\/portal\/wp-json\/wp\/v2\/media\/54555"}],"wp:attachment":[{"href":"http:\/\/portalcatolico.net\/portal\/wp-json\/wp\/v2\/media?parent=54554"}],"wp:term":[{"taxonomy":"category","embeddable":true,"href":"http:\/\/portalcatolico.net\/portal\/wp-json\/wp\/v2\/categories?post=54554"},{"taxonomy":"post_tag","embeddable":true,"href":"http:\/\/portalcatolico.net\/portal\/wp-json\/wp\/v2\/tags?post=54554"}],"curies":[{"name":"wp","href":"https:\/\/api.w.org\/{rel}","templated":true}]}}