{"id":54548,"date":"2018-04-16T21:35:09","date_gmt":"2018-04-17T00:35:09","guid":{"rendered":"http:\/\/portalcatolico.net\/portal\/?p=54548"},"modified":"2018-04-16T21:35:09","modified_gmt":"2018-04-17T00:35:09","slug":"paroquianos-fazem-peregrinacao-em-homenagem-aos-300-anos-da-paroquia-sao-boaventura","status":"publish","type":"post","link":"http:\/\/portalcatolico.net\/portal\/paroquianos-fazem-peregrinacao-em-homenagem-aos-300-anos-da-paroquia-sao-boaventura\/","title":{"rendered":"Paroquianos fazem peregrina\u00e7\u00e3o em homenagem aos 300 anos da Par\u00f3quia S\u00e3o Boaventura"},"content":{"rendered":"<p style=\"font-weight: 400;\">O\u00a0povo de Canavieiras vive um grande momento da sua hist\u00f3ria de f\u00e9 e evangeliza\u00e7\u00e3o, que \u00e9 a comemora\u00e7\u00e3o dos 300 anos de exist\u00eancia. A Par\u00f3quia foi criada em 11 de abril de 1718, e a comunidade cat\u00f3lica vem celebrando esse grande jubileu, que aconteceu neste 11 de abril de 2018.<\/p>\n<p style=\"font-weight: 400;\">Para isso, est\u00e3o sendo realizadas v\u00e1rias a\u00e7\u00f5es de car\u00e1ter social, religioso e celebrativo. \u201cVamos celebrar com alegria e f\u00e9 os 300 anos da cria\u00e7\u00e3o da par\u00f3quia e motivar a comunidade Cat\u00f3lica a assumir um novo jeito de ser Igreja, anunciando Jesus Cristo com muito ardor mission\u00e1rio\u201d, disse o Padre Euvaldo, vig\u00e1rio da Par\u00f3quia S\u00e3o Boaventura.<\/p>\n<p style=\"font-weight: 400;\">Cerca de 70 paroquianos da Par\u00f3quia S\u00e3o Boaventura de Canavieiras (BA), iniciou uma peregrina\u00e7\u00e3o<\/p>\n<p style=\"font-weight: 400;\">rumo ao povoado de Puxim, onde foi encontrada a imagem de S\u00e3o Boaventura, h\u00e1 300 anos.<\/p>\n<p style=\"font-weight: 400;\">A peregrina\u00e7\u00e3o teve in\u00edcio dia 07 de abril \u00e0s 5h. Na oportunidade os peregrinos refletiram o Evangelho e a hist\u00f3ria do padroeiro. Houve tamb\u00e9m um momento de partilha do almo\u00e7o e uma caminhada at\u00e9 o local iam passar a noite, ap\u00f3s mais de onze horas e meia de peregrina\u00e7\u00e3o.<\/p>\n<p style=\"font-weight: 400;\">Todo o povoado, em gesto de solidariedade, cedeu suas casas para os peregrinos tomarem banho. O jantar aconteceu com todos reunidos reunidos num col\u00e9gio,onde passaram a noite.<\/p>\n<p style=\"font-weight: 400;\">Logo ao amanhecer, por volta das 5h, os peregrinos tiveram momentos de partilha e ora\u00e7\u00e3o antes de iniciar a caminhada rumo a Puxim.<\/p>\n<p style=\"font-weight: 400;\">Vale ressaltar que, no \u00e1rduo caminho, tiveram acesso a um carro de apoio com uma enfermeira e \u00e1gua por todo o trajeto de peregrina\u00e7\u00e3o.<\/p>\n<p style=\"font-weight: 400;\">A chegada em Puxim foi \u00e0s 11h30. Os peregrinos foram recepcionados pelo grupo de canto do Movimento Escalada. Em seguida, todos participaram da santa missa presidida pelo Padre Euvaldo Santana da Silva.<\/p>\n<p style=\"font-weight: 400;\">Informa\u00e7\u00f5es e foto: Pascom-Paroquia S\u00e3o Boaventura<\/p>\n<p style=\"font-weight: 400;\">Edi\u00e7\u00e3o de texto: Anara Passos (Jornalista DRT 7574)<\/p>\n","protected":false},"excerpt":{"rendered":"<p>O\u00a0povo de Canavieiras vive um grande momento da sua hist\u00f3ria de f\u00e9 e evangeliza\u00e7\u00e3o, que \u00e9 a comemora\u00e7\u00e3o dos 300 anos de exist\u00eancia. A Par\u00f3quia foi criada em 11 de abril de 1718, e a comunidade cat\u00f3lica vem celebrando esse grande jubileu, que aconteceu neste 11 de abril de 2018. Para isso, est\u00e3o sendo realizadas&nbsp;<\/p>\n<p><a class=\"btn btn-style\" href=\"http:\/\/portalcatolico.net\/portal\/paroquianos-fazem-peregrinacao-em-homenagem-aos-300-anos-da-paroquia-sao-boaventura\/\">Continue Reading<\/a><\/p>\n","protected":false},"author":2,"featured_media":54549,"comment_status":"open","ping_status":"open","sticky":false,"template":"","format":"standard","meta":{"footnotes":""},"categories":[4],"tags":[],"class_list":["post-54548","post","type-post","status-publish","format-standard","has-post-thumbnail","hentry","category-destaques"],"_links":{"self":[{"href":"http:\/\/portalcatolico.net\/portal\/wp-json\/wp\/v2\/posts\/54548","targetHints":{"allow":["GET"]}}],"collection":[{"href":"http:\/\/portalcatolico.net\/portal\/wp-json\/wp\/v2\/posts"}],"about":[{"href":"http:\/\/portalcatolico.net\/portal\/wp-json\/wp\/v2\/types\/post"}],"author":[{"embeddable":true,"href":"http:\/\/portalcatolico.net\/portal\/wp-json\/wp\/v2\/users\/2"}],"replies":[{"embeddable":true,"href":"http:\/\/portalcatolico.net\/portal\/wp-json\/wp\/v2\/comments?post=54548"}],"version-history":[{"count":1,"href":"http:\/\/portalcatolico.net\/portal\/wp-json\/wp\/v2\/posts\/54548\/revisions"}],"predecessor-version":[{"id":54550,"href":"http:\/\/portalcatolico.net\/portal\/wp-json\/wp\/v2\/posts\/54548\/revisions\/54550"}],"wp:featuredmedia":[{"embeddable":true,"href":"http:\/\/portalcatolico.net\/portal\/wp-json\/wp\/v2\/media\/54549"}],"wp:attachment":[{"href":"http:\/\/portalcatolico.net\/portal\/wp-json\/wp\/v2\/media?parent=54548"}],"wp:term":[{"taxonomy":"category","embeddable":true,"href":"http:\/\/portalcatolico.net\/portal\/wp-json\/wp\/v2\/categories?post=54548"},{"taxonomy":"post_tag","embeddable":true,"href":"http:\/\/portalcatolico.net\/portal\/wp-json\/wp\/v2\/tags?post=54548"}],"curies":[{"name":"wp","href":"https:\/\/api.w.org\/{rel}","templated":true}]}}