{"id":54545,"date":"2018-04-27T04:30:46","date_gmt":"2018-04-27T07:30:46","guid":{"rendered":"http:\/\/portalcatolico.net\/portal\/?p=54545"},"modified":"2018-04-27T06:09:08","modified_gmt":"2018-04-27T09:09:08","slug":"encontro-de-pentecoste-acontecera-proximo-mes-em-gandu","status":"publish","type":"post","link":"http:\/\/portalcatolico.net\/portal\/encontro-de-pentecoste-acontecera-proximo-mes-em-gandu\/","title":{"rendered":"Encontro de Pentecoste acontecer\u00e1 pr\u00f3ximo m\u00eas em Gandu"},"content":{"rendered":"<div dir=\"auto\"><i>A Renova\u00e7\u00e3o \u00a0Carism\u00e1tica Cat\u00f3lica (RCC) da Par\u00f3quia S\u00e3o Jos\u00e9 na cidade de Gandu (BA), realizar\u00e1 o Encontro de Pentecoste, no dia 6 de maio.\u00a0<\/i><\/div>\n<div dir=\"auto\"><i>O evento ser\u00e1 realizado no Gin\u00e1sio de Esporte da cidade, com inicio \u00e0s\u00a0<\/i><i>8h<\/i><i>\u00a0e contar\u00e1 com a presen\u00e7a da Ir. Ana Paula.\u00a0<\/i><\/div>\n<div dir=\"auto\"><i>Os ingressos j\u00e1 est\u00e3o \u00e0 venda. Para\u00a0<\/i><i>adquir\u00ed-lo<\/i><i>, procure os coordenadores de grupos de ora\u00e7\u00e3o de sua cidade. \u00a0<\/i><\/div>\n<div dir=\"auto\"><i>O 1\u00aa lote at\u00e9 o dia 27 de abril est\u00e1 custando \u00a015 reais. O 2\u00aa lote estar\u00e1 dispon\u00edvel a partir do dia 28\/04 e custar\u00e1 25 reais.\u00a0<\/i><\/div>\n<div dir=\"auto\"><i>Para maiores informa\u00e7\u00f5es, entre em contato pelos telefones: (73) 9 8801-7269 ou 9 8123- 6213<\/i><\/div>\n<div dir=\"auto\">Edi\u00e7\u00e3o de texto: Anara Passos\u00a0 (Jornalista DRT 7574)<\/div>\n","protected":false},"excerpt":{"rendered":"<p>A Renova\u00e7\u00e3o \u00a0Carism\u00e1tica Cat\u00f3lica (RCC) da Par\u00f3quia S\u00e3o Jos\u00e9 na cidade de Gandu (BA), realizar\u00e1 o Encontro de Pentecoste, no dia 6 de maio.\u00a0 O evento ser\u00e1 realizado no Gin\u00e1sio de Esporte da cidade, com inicio \u00e0s\u00a08h\u00a0e contar\u00e1 com a presen\u00e7a da Ir. Ana Paula.\u00a0 Os ingressos j\u00e1 est\u00e3o \u00e0 venda. Para\u00a0adquir\u00ed-lo, procure os coordenadores&nbsp;<\/p>\n<p><a class=\"btn btn-style\" href=\"http:\/\/portalcatolico.net\/portal\/encontro-de-pentecoste-acontecera-proximo-mes-em-gandu\/\">Continue Reading<\/a><\/p>\n","protected":false},"author":2,"featured_media":54546,"comment_status":"open","ping_status":"open","sticky":false,"template":"","format":"standard","meta":{"footnotes":""},"categories":[1],"tags":[],"class_list":["post-54545","post","type-post","status-publish","format-standard","has-post-thumbnail","hentry","category-agenda"],"_links":{"self":[{"href":"http:\/\/portalcatolico.net\/portal\/wp-json\/wp\/v2\/posts\/54545","targetHints":{"allow":["GET"]}}],"collection":[{"href":"http:\/\/portalcatolico.net\/portal\/wp-json\/wp\/v2\/posts"}],"about":[{"href":"http:\/\/portalcatolico.net\/portal\/wp-json\/wp\/v2\/types\/post"}],"author":[{"embeddable":true,"href":"http:\/\/portalcatolico.net\/portal\/wp-json\/wp\/v2\/users\/2"}],"replies":[{"embeddable":true,"href":"http:\/\/portalcatolico.net\/portal\/wp-json\/wp\/v2\/comments?post=54545"}],"version-history":[{"count":1,"href":"http:\/\/portalcatolico.net\/portal\/wp-json\/wp\/v2\/posts\/54545\/revisions"}],"predecessor-version":[{"id":54547,"href":"http:\/\/portalcatolico.net\/portal\/wp-json\/wp\/v2\/posts\/54545\/revisions\/54547"}],"wp:featuredmedia":[{"embeddable":true,"href":"http:\/\/portalcatolico.net\/portal\/wp-json\/wp\/v2\/media\/54546"}],"wp:attachment":[{"href":"http:\/\/portalcatolico.net\/portal\/wp-json\/wp\/v2\/media?parent=54545"}],"wp:term":[{"taxonomy":"category","embeddable":true,"href":"http:\/\/portalcatolico.net\/portal\/wp-json\/wp\/v2\/categories?post=54545"},{"taxonomy":"post_tag","embeddable":true,"href":"http:\/\/portalcatolico.net\/portal\/wp-json\/wp\/v2\/tags?post=54545"}],"curies":[{"name":"wp","href":"https:\/\/api.w.org\/{rel}","templated":true}]}}