{"id":54540,"date":"2018-04-16T21:04:05","date_gmt":"2018-04-17T00:04:05","guid":{"rendered":"http:\/\/portalcatolico.net\/portal\/?p=54540"},"modified":"2018-04-16T21:05:58","modified_gmt":"2018-04-17T00:05:58","slug":"novenario-de-sao-jorge-acontece-em-ibicarai","status":"publish","type":"post","link":"http:\/\/portalcatolico.net\/portal\/novenario-de-sao-jorge-acontece-em-ibicarai\/","title":{"rendered":"Noven\u00e1rio de S\u00e3o Jorge acontece em Ibicara\u00ed"},"content":{"rendered":"<p style=\"font-weight: 400;\">No dia 14 deste m\u00eas, come\u00e7ou\u00a0 o Noven\u00e1rio em louvor ao Glorioso S\u00e3o Jorge, padroeiro do distrito <img loading=\"lazy\" decoding=\"async\" class=\"size-medium wp-image-54542 alignright\" src=\"http:\/\/portalcatolico.net\/portal\/wp-content\/uploads\/2018\/04\/IMG-20180415-WA0134-169x300.jpg\" alt=\"IMG-20180415-WA0134\" width=\"169\" height=\"300\" srcset=\"http:\/\/portalcatolico.net\/portal\/wp-content\/uploads\/2018\/04\/IMG-20180415-WA0134-169x300.jpg 169w, http:\/\/portalcatolico.net\/portal\/wp-content\/uploads\/2018\/04\/IMG-20180415-WA0134-576x1024.jpg 576w, http:\/\/portalcatolico.net\/portal\/wp-content\/uploads\/2018\/04\/IMG-20180415-WA0134.jpg 581w\" sizes=\"auto, (max-width: 169px) 100vw, 169px\" \/>de Cajueiro, em Ibicara\u00ed (BA).<\/p>\n<p style=\"font-weight: 400;\">O Noven\u00e1rio est\u00e1 acontecendo na Par\u00f3quia Senhor Deus Menino, e tendo como celebrante, o Monsenhor Sebasti\u00e3o Bezerra, que refletiu o seguinte tema: &#8220;Voca\u00e7\u00e3o do laicato: testemunhar o amor misericordioso de Deus numa sociedade injusta, corrompida e opressora.&#8221;<\/p>\n<p style=\"font-weight: 400;\">Os homenageados da noite foram a Matriz Senhor Deus Menino e comunidades.<\/p>\n<p style=\"font-weight: 400;\">O noven\u00e1rio vai at\u00e9 o dia 23\/04.<\/p>\n<p style=\"font-weight: 400;\">Fotos e texto:Gustavo Oliveira<\/p>\n<p style=\"font-weight: 400;\">Edi\u00e7\u00e3o de texto: Anara Passos<\/p>\n<p style=\"font-weight: 400;\">Participe!<\/p>\n","protected":false},"excerpt":{"rendered":"<p>No dia 14 deste m\u00eas, come\u00e7ou\u00a0 o Noven\u00e1rio em louvor ao Glorioso S\u00e3o Jorge, padroeiro do distrito de Cajueiro, em Ibicara\u00ed (BA). O Noven\u00e1rio est\u00e1 acontecendo na Par\u00f3quia Senhor Deus Menino, e tendo como celebrante, o Monsenhor Sebasti\u00e3o Bezerra, que refletiu o seguinte tema: &#8220;Voca\u00e7\u00e3o do laicato: testemunhar o amor misericordioso de Deus numa sociedade&nbsp;<\/p>\n<p><a class=\"btn btn-style\" href=\"http:\/\/portalcatolico.net\/portal\/novenario-de-sao-jorge-acontece-em-ibicarai\/\">Continue Reading<\/a><\/p>\n","protected":false},"author":2,"featured_media":54541,"comment_status":"open","ping_status":"open","sticky":false,"template":"","format":"standard","meta":{"footnotes":""},"categories":[4],"tags":[],"class_list":["post-54540","post","type-post","status-publish","format-standard","has-post-thumbnail","hentry","category-destaques"],"_links":{"self":[{"href":"http:\/\/portalcatolico.net\/portal\/wp-json\/wp\/v2\/posts\/54540","targetHints":{"allow":["GET"]}}],"collection":[{"href":"http:\/\/portalcatolico.net\/portal\/wp-json\/wp\/v2\/posts"}],"about":[{"href":"http:\/\/portalcatolico.net\/portal\/wp-json\/wp\/v2\/types\/post"}],"author":[{"embeddable":true,"href":"http:\/\/portalcatolico.net\/portal\/wp-json\/wp\/v2\/users\/2"}],"replies":[{"embeddable":true,"href":"http:\/\/portalcatolico.net\/portal\/wp-json\/wp\/v2\/comments?post=54540"}],"version-history":[{"count":2,"href":"http:\/\/portalcatolico.net\/portal\/wp-json\/wp\/v2\/posts\/54540\/revisions"}],"predecessor-version":[{"id":54544,"href":"http:\/\/portalcatolico.net\/portal\/wp-json\/wp\/v2\/posts\/54540\/revisions\/54544"}],"wp:featuredmedia":[{"embeddable":true,"href":"http:\/\/portalcatolico.net\/portal\/wp-json\/wp\/v2\/media\/54541"}],"wp:attachment":[{"href":"http:\/\/portalcatolico.net\/portal\/wp-json\/wp\/v2\/media?parent=54540"}],"wp:term":[{"taxonomy":"category","embeddable":true,"href":"http:\/\/portalcatolico.net\/portal\/wp-json\/wp\/v2\/categories?post=54540"},{"taxonomy":"post_tag","embeddable":true,"href":"http:\/\/portalcatolico.net\/portal\/wp-json\/wp\/v2\/tags?post=54540"}],"curies":[{"name":"wp","href":"https:\/\/api.w.org\/{rel}","templated":true}]}}