{"id":54532,"date":"2018-04-16T20:13:12","date_gmt":"2018-04-16T23:13:12","guid":{"rendered":"http:\/\/portalcatolico.net\/portal\/?p=54532"},"modified":"2018-04-16T20:20:29","modified_gmt":"2018-04-16T23:20:29","slug":"curso-da-pastoral-carceraria-diocesana","status":"publish","type":"post","link":"http:\/\/portalcatolico.net\/portal\/curso-da-pastoral-carceraria-diocesana\/","title":{"rendered":"Pastoral carcer\u00e1ria realiza curso para novos agentes em Itabuna"},"content":{"rendered":"<p>No dia 03 de junho de 2018 \u2013 domingo \u2013 das 08 \u00e0s 17:00hs, acontecer\u00e1 um curso introdut\u00f3rio de forma\u00e7\u00e3o para novos agentes da pastoral carcer\u00e1ria da Diocese de Itabuna, no sal\u00e3o da Par\u00f3quia Santa Rita de C\u00e1ssia no bairro S\u00e3o Caetano em Itabuna, gratuito e aberto a qualquer cat\u00f3lico de caminhada nas Par\u00f3quias de Itabuna. Pede-se que os que comparecerem leve uma merenda a ser partilhada al\u00e9m de utens\u00edlios para uso, como o l\u00e1pis, caneta e a B\u00edblia Sagrada.<br \/>\nO encontro se encerrar\u00e1 com a Santa Missa das 17:00hs da Igreja Santa Rita de Cassia.<br \/>\nA pastoral carcer\u00e1ria tem o desafio de ser a presen\u00e7a de Jesus Cristo no mundo dos c\u00e1rceres, em obedi\u00eancia ao mandamento de Jesus Cristo: \u201c \u2026 estive preso e fostes me visitar \u2026 \u201c.<\/p>\n<p>O servi\u00e7o da pastoral carcer\u00e1ria \u00e9 um desafio cada dia maior dentro do servi\u00e7o pastoral da Igreja Cat\u00f3lica cada dia mais comprometida com os pobres e exclu\u00eddos: os preferidos \u2013 segundo o Evangelho \u2013 a serem amados e cuidados pelos Crist\u00e3os para um concreto e efetivo encontro com Jesus Crucificado.<img loading=\"lazy\" decoding=\"async\" class=\" wp-image-54535 alignright\" src=\"http:\/\/portalcatolico.net\/portal\/wp-content\/uploads\/2018\/04\/WhatsApp-Image-2018-04-16-at-08.04.012-300x225.jpeg\" alt=\"WhatsApp-Image-2018-04-16-at-08.04.012\" width=\"263\" height=\"197\" srcset=\"http:\/\/portalcatolico.net\/portal\/wp-content\/uploads\/2018\/04\/WhatsApp-Image-2018-04-16-at-08.04.012-300x225.jpeg 300w, http:\/\/portalcatolico.net\/portal\/wp-content\/uploads\/2018\/04\/WhatsApp-Image-2018-04-16-at-08.04.012-768x576.jpeg 768w, http:\/\/portalcatolico.net\/portal\/wp-content\/uploads\/2018\/04\/WhatsApp-Image-2018-04-16-at-08.04.012-1024x768.jpeg 1024w, http:\/\/portalcatolico.net\/portal\/wp-content\/uploads\/2018\/04\/WhatsApp-Image-2018-04-16-at-08.04.012.jpeg 1280w\" sizes=\"auto, (max-width: 263px) 100vw, 263px\" \/><\/p>\n<p>As pastorais, servi\u00e7os e movimentos da Igreja Cat\u00f3lica est\u00e3o presentes na grande maioria das realidades sociais do povo, sob as denomina\u00e7\u00f5es de \u2013 por exemplo: Pastoral da Crian\u00e7a, Pastoral do Menor, Pastoral da AIDS, Pastoral do Idoso, Pastoral da Sobriedade, Pastoral da Terra, Pastoral do Indio (CIMI), Catequese, Pastoral Familiar, Pastoral Universit\u00e1ria, Caritas, Pastoral da Sa\u00fade, Encontro de Casais com Cristo, Vicentinos (movimento com grande enfoque na caridade), al\u00e9m de um grande n\u00famero de movimentos e ordens religiosas dedicados \u00e0 vida de ora\u00e7\u00e3o e \u00e0 caridade, como a Can\u00e7\u00e3o Nova.<\/p>\n<p>A Igreja Cat\u00f3lica n\u00e3o \u00e9 contra a puni\u00e7\u00e3o do infrator, mas, sabe o quanto defeituoso, injusto e falho \u00e9 o nosso sistema jur\u00eddico e prisional. Sabe-se, por exemplo, que mais de 40% dos presos s\u00e3o provis\u00f3rios que ainda aguardam serem julgados e, muitos desses, ao final, ser\u00e3o absolvidos ap\u00f3s terem passado um tempo por vezes muito grande presos: em geral isto acontece com os presos pobres. O sistema prisional baiano est\u00e1 altamente superlotado e tem um elevado percentual de presos provis\u00f3rios em grande parte pela demora no julgamento dos processos criminais.<\/p>\n<p>Texto e fotos:Davi Pedreira<\/p>\n","protected":false},"excerpt":{"rendered":"<p>No dia 03 de junho de 2018 \u2013 domingo \u2013 das 08 \u00e0s 17:00hs, acontecer\u00e1 um curso introdut\u00f3rio de forma\u00e7\u00e3o para novos agentes da pastoral carcer\u00e1ria da Diocese de Itabuna, no sal\u00e3o da Par\u00f3quia Santa Rita de C\u00e1ssia no bairro S\u00e3o Caetano em Itabuna, gratuito e aberto a qualquer cat\u00f3lico de caminhada nas Par\u00f3quias de&nbsp;<\/p>\n<p><a class=\"btn btn-style\" href=\"http:\/\/portalcatolico.net\/portal\/curso-da-pastoral-carceraria-diocesana\/\">Continue Reading<\/a><\/p>\n","protected":false},"author":2,"featured_media":54533,"comment_status":"open","ping_status":"open","sticky":false,"template":"","format":"standard","meta":{"footnotes":""},"categories":[1],"tags":[],"class_list":["post-54532","post","type-post","status-publish","format-standard","has-post-thumbnail","hentry","category-agenda"],"_links":{"self":[{"href":"http:\/\/portalcatolico.net\/portal\/wp-json\/wp\/v2\/posts\/54532","targetHints":{"allow":["GET"]}}],"collection":[{"href":"http:\/\/portalcatolico.net\/portal\/wp-json\/wp\/v2\/posts"}],"about":[{"href":"http:\/\/portalcatolico.net\/portal\/wp-json\/wp\/v2\/types\/post"}],"author":[{"embeddable":true,"href":"http:\/\/portalcatolico.net\/portal\/wp-json\/wp\/v2\/users\/2"}],"replies":[{"embeddable":true,"href":"http:\/\/portalcatolico.net\/portal\/wp-json\/wp\/v2\/comments?post=54532"}],"version-history":[{"count":4,"href":"http:\/\/portalcatolico.net\/portal\/wp-json\/wp\/v2\/posts\/54532\/revisions"}],"predecessor-version":[{"id":54539,"href":"http:\/\/portalcatolico.net\/portal\/wp-json\/wp\/v2\/posts\/54532\/revisions\/54539"}],"wp:featuredmedia":[{"embeddable":true,"href":"http:\/\/portalcatolico.net\/portal\/wp-json\/wp\/v2\/media\/54533"}],"wp:attachment":[{"href":"http:\/\/portalcatolico.net\/portal\/wp-json\/wp\/v2\/media?parent=54532"}],"wp:term":[{"taxonomy":"category","embeddable":true,"href":"http:\/\/portalcatolico.net\/portal\/wp-json\/wp\/v2\/categories?post=54532"},{"taxonomy":"post_tag","embeddable":true,"href":"http:\/\/portalcatolico.net\/portal\/wp-json\/wp\/v2\/tags?post=54532"}],"curies":[{"name":"wp","href":"https:\/\/api.w.org\/{rel}","templated":true}]}}