{"id":54529,"date":"2018-04-17T20:03:00","date_gmt":"2018-04-17T23:03:00","guid":{"rendered":"http:\/\/portalcatolico.net\/portal\/?p=54529"},"modified":"2018-04-16T20:16:04","modified_gmt":"2018-04-16T23:16:04","slug":"phn-acontece-no-proximo-mes-em-itororo","status":"publish","type":"post","link":"http:\/\/portalcatolico.net\/portal\/phn-acontece-no-proximo-mes-em-itororo\/","title":{"rendered":"PHN acontece no pr\u00f3ximo m\u00eas em Itoror\u00f3"},"content":{"rendered":"<p style=\"font-weight: 400;\">Vai acontecer nos dias 26 e 27 de maio em Itoror\u00f3 (BA), mais uma edi\u00e7\u00e3o do PHN (Por hoje n\u00e3o vou mais pecar), evento realizado pelo grupo JUC (Jovens Unidos em Cristo), juntamente com a Par\u00f3quia Santo Ant\u00f4nio de Itoror\u00f3, na quadra poliesportiva do Julieta Pontes.<\/p>\n<p style=\"font-weight: 400;\">O evento contar\u00e1 com a participa\u00e7\u00e3o do pregador Gill Motta (fundador da Miss\u00e3o Metanoia), Tales Bispo e Ir. L\u00edlian. Al\u00e9m das presen\u00e7as dos padres: Euvaldo (da par\u00f3quia Santo Ant\u00f4nio de Itoror\u00f3) e Nerivaldo (da par\u00f3quia S\u00e3o Jos\u00e9 de Una).<\/p>\n<p style=\"font-weight: 400;\">O PHN vai ter a participa\u00e7\u00e3o e anima\u00e7\u00e3o do Minist\u00e9rio de M\u00fasica Rainha da paz.<\/p>\n<p style=\"font-weight: 400;\">As inscri\u00e7\u00f5es custam 5 reais.<\/p>\n<p style=\"font-weight: 400;\">Para maiores informa\u00e7\u00f5es, entre em contato pelos telefones: (73) 99912-9845 ou (73) 99989-1527.<\/p>\n<p style=\"font-weight: 400;\">Participe!<\/p>\n<p style=\"font-weight: 400;\">Informa\u00e7\u00f5es:Par\u00f3quia Santo Antonio<\/p>\n<p style=\"font-weight: 400;\">Edi\u00e7\u00e3o de texto: Anara Passos ( Jornalista DRT 7574)<\/p>\n","protected":false},"excerpt":{"rendered":"<p>Vai acontecer nos dias 26 e 27 de maio em Itoror\u00f3 (BA), mais uma edi\u00e7\u00e3o do PHN (Por hoje n\u00e3o vou mais pecar), evento realizado pelo grupo JUC (Jovens Unidos em Cristo), juntamente com a Par\u00f3quia Santo Ant\u00f4nio de Itoror\u00f3, na quadra poliesportiva do Julieta Pontes. O evento contar\u00e1 com a participa\u00e7\u00e3o do pregador Gill&nbsp;<\/p>\n<p><a class=\"btn btn-style\" href=\"http:\/\/portalcatolico.net\/portal\/phn-acontece-no-proximo-mes-em-itororo\/\">Continue Reading<\/a><\/p>\n","protected":false},"author":2,"featured_media":54537,"comment_status":"open","ping_status":"open","sticky":false,"template":"","format":"standard","meta":{"footnotes":""},"categories":[1],"tags":[],"class_list":["post-54529","post","type-post","status-publish","format-standard","has-post-thumbnail","hentry","category-agenda"],"_links":{"self":[{"href":"http:\/\/portalcatolico.net\/portal\/wp-json\/wp\/v2\/posts\/54529","targetHints":{"allow":["GET"]}}],"collection":[{"href":"http:\/\/portalcatolico.net\/portal\/wp-json\/wp\/v2\/posts"}],"about":[{"href":"http:\/\/portalcatolico.net\/portal\/wp-json\/wp\/v2\/types\/post"}],"author":[{"embeddable":true,"href":"http:\/\/portalcatolico.net\/portal\/wp-json\/wp\/v2\/users\/2"}],"replies":[{"embeddable":true,"href":"http:\/\/portalcatolico.net\/portal\/wp-json\/wp\/v2\/comments?post=54529"}],"version-history":[{"count":1,"href":"http:\/\/portalcatolico.net\/portal\/wp-json\/wp\/v2\/posts\/54529\/revisions"}],"predecessor-version":[{"id":54531,"href":"http:\/\/portalcatolico.net\/portal\/wp-json\/wp\/v2\/posts\/54529\/revisions\/54531"}],"wp:featuredmedia":[{"embeddable":true,"href":"http:\/\/portalcatolico.net\/portal\/wp-json\/wp\/v2\/media\/54537"}],"wp:attachment":[{"href":"http:\/\/portalcatolico.net\/portal\/wp-json\/wp\/v2\/media?parent=54529"}],"wp:term":[{"taxonomy":"category","embeddable":true,"href":"http:\/\/portalcatolico.net\/portal\/wp-json\/wp\/v2\/categories?post=54529"},{"taxonomy":"post_tag","embeddable":true,"href":"http:\/\/portalcatolico.net\/portal\/wp-json\/wp\/v2\/tags?post=54529"}],"curies":[{"name":"wp","href":"https:\/\/api.w.org\/{rel}","templated":true}]}}