{"id":54526,"date":"2018-06-27T04:57:25","date_gmt":"2018-06-27T07:57:25","guid":{"rendered":"http:\/\/portalcatolico.net\/portal\/?p=54526"},"modified":"2018-06-27T05:29:32","modified_gmt":"2018-06-27T08:29:32","slug":"vem-ai-o-20o-semear","status":"publish","type":"post","link":"http:\/\/portalcatolico.net\/portal\/vem-ai-o-20o-semear\/","title":{"rendered":"Vem a\u00ed o 20\u00ba Semear!"},"content":{"rendered":"<p style=\"font-weight: 400;\">Vai acontecer em Itabuna nos dias 14 a 15 de julho, a vig\u00e9sima edi\u00e7\u00e3o do Semear: o Encontro do povo de Deus.<\/p>\n<p style=\"font-weight: 400;\">O valor do ingresso custa 10 reais. O evento vai acontecer no Col\u00e9gio Sistema e contar\u00e1 com as presen\u00e7as de F\u00e1tima Souza (noite oracional), Antonieta Sales, Maria Marin (prega\u00e7\u00e3o) e do Bispo da Diocese de Itabuna, Dom Carlos Alberto dos Santos.<\/p>\n<p style=\"font-weight: 400;\">Para maiores informa\u00e7\u00f5es, entre em contato pelos telefones: (73) 991268563; (73) 991629068.<\/p>\n<p style=\"font-weight: 400;\">Participe!<\/p>\n<p style=\"font-weight: 400;\">Texto: Anara Passos<\/p>\n","protected":false},"excerpt":{"rendered":"<p>Vai acontecer em Itabuna nos dias 14 a 15 de julho, a vig\u00e9sima edi\u00e7\u00e3o do Semear: o Encontro do povo de Deus. O valor do ingresso custa 10 reais. O evento vai acontecer no Col\u00e9gio Sistema e contar\u00e1 com as presen\u00e7as de F\u00e1tima Souza (noite oracional), Antonieta Sales, Maria Marin (prega\u00e7\u00e3o) e do Bispo da&nbsp;<\/p>\n<p><a class=\"btn btn-style\" href=\"http:\/\/portalcatolico.net\/portal\/vem-ai-o-20o-semear\/\">Continue Reading<\/a><\/p>\n","protected":false},"author":2,"featured_media":54527,"comment_status":"open","ping_status":"open","sticky":false,"template":"","format":"standard","meta":{"footnotes":""},"categories":[1],"tags":[],"class_list":["post-54526","post","type-post","status-publish","format-standard","has-post-thumbnail","hentry","category-agenda"],"_links":{"self":[{"href":"http:\/\/portalcatolico.net\/portal\/wp-json\/wp\/v2\/posts\/54526","targetHints":{"allow":["GET"]}}],"collection":[{"href":"http:\/\/portalcatolico.net\/portal\/wp-json\/wp\/v2\/posts"}],"about":[{"href":"http:\/\/portalcatolico.net\/portal\/wp-json\/wp\/v2\/types\/post"}],"author":[{"embeddable":true,"href":"http:\/\/portalcatolico.net\/portal\/wp-json\/wp\/v2\/users\/2"}],"replies":[{"embeddable":true,"href":"http:\/\/portalcatolico.net\/portal\/wp-json\/wp\/v2\/comments?post=54526"}],"version-history":[{"count":1,"href":"http:\/\/portalcatolico.net\/portal\/wp-json\/wp\/v2\/posts\/54526\/revisions"}],"predecessor-version":[{"id":54528,"href":"http:\/\/portalcatolico.net\/portal\/wp-json\/wp\/v2\/posts\/54526\/revisions\/54528"}],"wp:featuredmedia":[{"embeddable":true,"href":"http:\/\/portalcatolico.net\/portal\/wp-json\/wp\/v2\/media\/54527"}],"wp:attachment":[{"href":"http:\/\/portalcatolico.net\/portal\/wp-json\/wp\/v2\/media?parent=54526"}],"wp:term":[{"taxonomy":"category","embeddable":true,"href":"http:\/\/portalcatolico.net\/portal\/wp-json\/wp\/v2\/categories?post=54526"},{"taxonomy":"post_tag","embeddable":true,"href":"http:\/\/portalcatolico.net\/portal\/wp-json\/wp\/v2\/tags?post=54526"}],"curies":[{"name":"wp","href":"https:\/\/api.w.org\/{rel}","templated":true}]}}