{"id":54523,"date":"2018-04-15T22:57:49","date_gmt":"2018-04-16T01:57:49","guid":{"rendered":"http:\/\/portalcatolico.net\/portal\/?p=54523"},"modified":"2018-04-16T05:59:34","modified_gmt":"2018-04-16T08:59:34","slug":"bispos-concluem-retiro-espiritual-em-missa-celebrada-no-santuario-nacional","status":"publish","type":"post","link":"http:\/\/portalcatolico.net\/portal\/bispos-concluem-retiro-espiritual-em-missa-celebrada-no-santuario-nacional\/","title":{"rendered":"Bispos concluem retiro espiritual em missa celebrada no Santu\u00e1rio Nacional"},"content":{"rendered":"<p>A celebra\u00e7\u00e3o da santa missa no fim da manh\u00e3 deste domingo marcou o fim do retiro espiritual do episcopado brasileiro durante \u00e0 56\u00aa Assembleia Geral da CNBB. A missa foi celebrada pelo Cardeal Odilo Pedro Scherer, arcebispo de S\u00e3o Paulo (SP), e teve com inten\u00e7\u00e3o principal os bispos que completam nesse ano seus jubileus de ordena\u00e7\u00e3o presbiteral ou episcopal.<\/p>\n<p>O retiro que teve in\u00edcio na tarde deste s\u00e1bado (14\/04), foi conduzido por Dom Jos\u00e9 Luiz Azcona, bispo em\u00e9rito da Prelazia do Maraj\u00f3 (MA). Para o bispo de Duque de Caxias (RJ), Dom Tarcisio Nascentes dos Santos, os bispos foram brindados pelas excelentes prega\u00e7\u00f5es de Dom Azcona \u201cele ajudou muito a n\u00f3s bispos a fazermos uma reflex\u00e3o muito intensa e nos colocarmos sempre na escuta do que o Esp\u00edrito Santo deseja que realizemos\u201d.<\/p>\n<p>Dom Frei Evaristo Spengler, atual bispo do Maraj\u00f3, recordou o exemplo do seu predecessor e tamb\u00e9m falou da import\u00e2ncia do retiro \u201cDom Azcona tem um grande reconhecimento n\u00e3o somente pelos paroquianos, mas de todo o povo que vive nas cidades que comp\u00f5e a Prelazia do Maraj\u00f3 e at\u00e9 mesmo das cidades vizinhas, como a capital Bel\u00e9m (PA).<\/p>\n<p>Muito reconhecido pelos trabalhos que desenvolveu no enfrentamento ao tr\u00e1fico humano, nas den\u00fancias aos casos de explora\u00e7\u00e3o e abuso sexual, ele tem um grande car\u00e1ter moral, espiritual e sempre com muita coer\u00eancia. Por isso a palavra da nossa prelazia \u00e9 vista com muito respeito e autoridade. E no retiro a n\u00f3s bispos, Dom Azcona conseguiu passar aquilo que ele \u00e9: um homem de Deus, que busca a santidade e quer levar todos a fazerem constantemente um encontro pessoal com Cristo, que leve a uma convers\u00e3o e a uma transforma\u00e7\u00e3o e vida\u201d, disse o prelado.<\/p>\n<p>Em sua homilia, durante a missa de encerramento do retiro, Dom Odilo Scherer recordou o exemplo do Papa Francisco no apostolado de Jesus Cristo, \u201ccusta-nos acreditar que Ele ressuscitou. Ele est\u00e1 mesmo no meio de n\u00f3s? Custa-nos acreditar que ele est\u00e1 presente, sobretudo na carne daqueles que mais sofrem, os pobres, como nos vem dizendo insistentemente o Papa Francisco? Jesus compreende a fraqueza dos ap\u00f3stolos, mas nos oferece o Esp\u00edrito Santo que nos dar\u00e1 coragem, para que sejamos verdadeiramente aquilo que a P\u00e1scoa proclama: voc\u00eas s\u00e3o as minhas testemunhas!\u201d<\/p>\n<p>Os bispos retomam os trabalhos da 56\u00aa Assembleia Geral nesta segunda-feira, 15 de abril, com a celebra\u00e7\u00e3o da santa missa \u00e0s 07h30 no Santu\u00e1rio Nacional de Aparecida (SP). Voc\u00ea pode acompanhar as celebra\u00e7\u00f5es por meio das emissoras de televis\u00e3o cat\u00f3licas e os meetings points e coletivas de imprensa por meio do portal A12.com<\/p>\n<p>Por Adielson Agrelos<\/p>\n<div class=\"article-main-next-prev\">\u00a0CNBB<\/div>\n","protected":false},"excerpt":{"rendered":"<p>A celebra\u00e7\u00e3o da santa missa no fim da manh\u00e3 deste domingo marcou o fim do retiro espiritual do episcopado brasileiro durante \u00e0 56\u00aa Assembleia Geral da CNBB. A missa foi celebrada pelo Cardeal Odilo Pedro Scherer, arcebispo de S\u00e3o Paulo (SP), e teve com inten\u00e7\u00e3o principal os bispos que completam nesse ano seus jubileus de&nbsp;<\/p>\n<p><a class=\"btn btn-style\" href=\"http:\/\/portalcatolico.net\/portal\/bispos-concluem-retiro-espiritual-em-missa-celebrada-no-santuario-nacional\/\">Continue Reading<\/a><\/p>\n","protected":false},"author":2,"featured_media":54524,"comment_status":"open","ping_status":"open","sticky":false,"template":"","format":"standard","meta":{"footnotes":""},"categories":[4],"tags":[],"class_list":["post-54523","post","type-post","status-publish","format-standard","has-post-thumbnail","hentry","category-destaques"],"_links":{"self":[{"href":"http:\/\/portalcatolico.net\/portal\/wp-json\/wp\/v2\/posts\/54523","targetHints":{"allow":["GET"]}}],"collection":[{"href":"http:\/\/portalcatolico.net\/portal\/wp-json\/wp\/v2\/posts"}],"about":[{"href":"http:\/\/portalcatolico.net\/portal\/wp-json\/wp\/v2\/types\/post"}],"author":[{"embeddable":true,"href":"http:\/\/portalcatolico.net\/portal\/wp-json\/wp\/v2\/users\/2"}],"replies":[{"embeddable":true,"href":"http:\/\/portalcatolico.net\/portal\/wp-json\/wp\/v2\/comments?post=54523"}],"version-history":[{"count":1,"href":"http:\/\/portalcatolico.net\/portal\/wp-json\/wp\/v2\/posts\/54523\/revisions"}],"predecessor-version":[{"id":54525,"href":"http:\/\/portalcatolico.net\/portal\/wp-json\/wp\/v2\/posts\/54523\/revisions\/54525"}],"wp:featuredmedia":[{"embeddable":true,"href":"http:\/\/portalcatolico.net\/portal\/wp-json\/wp\/v2\/media\/54524"}],"wp:attachment":[{"href":"http:\/\/portalcatolico.net\/portal\/wp-json\/wp\/v2\/media?parent=54523"}],"wp:term":[{"taxonomy":"category","embeddable":true,"href":"http:\/\/portalcatolico.net\/portal\/wp-json\/wp\/v2\/categories?post=54523"},{"taxonomy":"post_tag","embeddable":true,"href":"http:\/\/portalcatolico.net\/portal\/wp-json\/wp\/v2\/tags?post=54523"}],"curies":[{"name":"wp","href":"https:\/\/api.w.org\/{rel}","templated":true}]}}