{"id":54520,"date":"2018-04-15T21:36:49","date_gmt":"2018-04-16T00:36:49","guid":{"rendered":"http:\/\/portalcatolico.net\/portal\/?p=54520"},"modified":"2018-04-15T21:36:49","modified_gmt":"2018-04-16T00:36:49","slug":"cabralia-celebra-518-anos-de-evangelizacao-no-brasil","status":"publish","type":"post","link":"http:\/\/portalcatolico.net\/portal\/cabralia-celebra-518-anos-de-evangelizacao-no-brasil\/","title":{"rendered":"Cabr\u00e1lia celebra 518 anos de evangeliza\u00e7\u00e3o no Brasil"},"content":{"rendered":"<p style=\"font-weight: 400;\">A Par\u00f3quia Sagrada Fam\u00edlia da Diocese de Eun\u00e1polis convida a todos para participar do Noven\u00e1rio em honra \u00e0 Nossa Senhora da Esperan\u00e7a , nos dias 17 a 25 de abril, no bairro Quinto Centen\u00e1rio, \u00e0s 19h30.<\/p>\n<p style=\"font-weight: 400;\">No dia 26, vai acontecer uma missa solene em comemora\u00e7\u00e3o \u00e0 primeira missa celebrada no Brasil, \u00e0s 16h na Pra\u00e7a do Cruzeiro em Coroa Vermelha.<\/p>\n<p style=\"font-weight: 400;\">Participe!<\/p>\n","protected":false},"excerpt":{"rendered":"<p>A Par\u00f3quia Sagrada Fam\u00edlia da Diocese de Eun\u00e1polis convida a todos para participar do Noven\u00e1rio em honra \u00e0 Nossa Senhora da Esperan\u00e7a , nos dias 17 a 25 de abril, no bairro Quinto Centen\u00e1rio, \u00e0s 19h30. No dia 26, vai acontecer uma missa solene em comemora\u00e7\u00e3o \u00e0 primeira missa celebrada no Brasil, \u00e0s 16h na&nbsp;<\/p>\n<p><a class=\"btn btn-style\" href=\"http:\/\/portalcatolico.net\/portal\/cabralia-celebra-518-anos-de-evangelizacao-no-brasil\/\">Continue Reading<\/a><\/p>\n","protected":false},"author":2,"featured_media":54521,"comment_status":"open","ping_status":"open","sticky":false,"template":"","format":"standard","meta":{"footnotes":""},"categories":[1],"tags":[],"class_list":["post-54520","post","type-post","status-publish","format-standard","has-post-thumbnail","hentry","category-agenda"],"_links":{"self":[{"href":"http:\/\/portalcatolico.net\/portal\/wp-json\/wp\/v2\/posts\/54520","targetHints":{"allow":["GET"]}}],"collection":[{"href":"http:\/\/portalcatolico.net\/portal\/wp-json\/wp\/v2\/posts"}],"about":[{"href":"http:\/\/portalcatolico.net\/portal\/wp-json\/wp\/v2\/types\/post"}],"author":[{"embeddable":true,"href":"http:\/\/portalcatolico.net\/portal\/wp-json\/wp\/v2\/users\/2"}],"replies":[{"embeddable":true,"href":"http:\/\/portalcatolico.net\/portal\/wp-json\/wp\/v2\/comments?post=54520"}],"version-history":[{"count":1,"href":"http:\/\/portalcatolico.net\/portal\/wp-json\/wp\/v2\/posts\/54520\/revisions"}],"predecessor-version":[{"id":54522,"href":"http:\/\/portalcatolico.net\/portal\/wp-json\/wp\/v2\/posts\/54520\/revisions\/54522"}],"wp:featuredmedia":[{"embeddable":true,"href":"http:\/\/portalcatolico.net\/portal\/wp-json\/wp\/v2\/media\/54521"}],"wp:attachment":[{"href":"http:\/\/portalcatolico.net\/portal\/wp-json\/wp\/v2\/media?parent=54520"}],"wp:term":[{"taxonomy":"category","embeddable":true,"href":"http:\/\/portalcatolico.net\/portal\/wp-json\/wp\/v2\/categories?post=54520"},{"taxonomy":"post_tag","embeddable":true,"href":"http:\/\/portalcatolico.net\/portal\/wp-json\/wp\/v2\/tags?post=54520"}],"curies":[{"name":"wp","href":"https:\/\/api.w.org\/{rel}","templated":true}]}}