{"id":54515,"date":"2018-04-15T21:03:19","date_gmt":"2018-04-16T00:03:19","guid":{"rendered":"http:\/\/portalcatolico.net\/portal\/?p=54515"},"modified":"2018-04-15T21:04:08","modified_gmt":"2018-04-16T00:04:08","slug":"terco-dos-homens-acontece-todo-sabado-na-paroquia-santa-rita-de-cassia","status":"publish","type":"post","link":"http:\/\/portalcatolico.net\/portal\/terco-dos-homens-acontece-todo-sabado-na-paroquia-santa-rita-de-cassia\/","title":{"rendered":"Ter\u00e7o dos Homens  acontece todo s\u00e1bado na Par\u00f3quia Santa Rita de C\u00e1ssia"},"content":{"rendered":"<p class=\"m_-5048429692387963281xgmail-msonospacing\"><em>O\u00a0Ter\u00e7o dos Homens\u00a0da Par\u00f3quia Santa Rita de C\u00e1ssia\u00a0realiza todos os s\u00e1bados, \u00e0s 18h, \u00a0momento f\u00e9 e devo\u00e7\u00e3o \u00e0 M\u00e3e de Jesus.\u00a0\u00a0O encontro acontece na igreja matriz, que fica situada no bairro S\u00e3o Caetano em Itabuna (BA).<\/em><u><\/u><u><\/u><\/p>\n<p class=\"m_-5048429692387963281xgmail-msonospacing\"><em>Por todo o mundo, um n\u00famero cada vez maior de par\u00f3quias\u00a0\u00a0tem incorporado o Ter\u00e7o dos Homens em suas atividades pastorais. Al\u00e9m disso, aumentam cada vez mais o n\u00famero de homens que tomam a decis\u00e3o de se reunir para rezar o Ter\u00e7o, uma vez por semana, \u00e0s vezes at\u00e9 mesmo diariamente, em fam\u00edlia ou ainda sozinhos.<u><\/u><u><\/u><\/em><\/p>\n<p class=\"m_-5048429692387963281xgmail-msonospacing\"><em>Ao final da santa missada manh\u00e3 deste domingo, o p\u00e1roco da Santa Rita de C\u00e1ssia, o\u00a0Jos\u00e9 Genilton refor\u00e7ou o convite: \u201cParticipem do Ter\u00e7o dos Homens, pois voc\u00eas est\u00e3o alegrando a Trindade Santa\u201d, finalizou.<\/em><\/p>\n<p class=\"m_-5048429692387963281xgmail-msonospacing\">Por:Reda\u00e7\u00e3o\u00a0 Portal Cat\u00f3lico.net<\/p>\n","protected":false},"excerpt":{"rendered":"<p>O\u00a0Ter\u00e7o dos Homens\u00a0da Par\u00f3quia Santa Rita de C\u00e1ssia\u00a0realiza todos os s\u00e1bados, \u00e0s 18h, \u00a0momento f\u00e9 e devo\u00e7\u00e3o \u00e0 M\u00e3e de Jesus.\u00a0\u00a0O encontro acontece na igreja matriz, que fica situada no bairro S\u00e3o Caetano em Itabuna (BA). Por todo o mundo, um n\u00famero cada vez maior de par\u00f3quias\u00a0\u00a0tem incorporado o Ter\u00e7o dos Homens em suas atividades&nbsp;<\/p>\n<p><a class=\"btn btn-style\" href=\"http:\/\/portalcatolico.net\/portal\/terco-dos-homens-acontece-todo-sabado-na-paroquia-santa-rita-de-cassia\/\">Continue Reading<\/a><\/p>\n","protected":false},"author":2,"featured_media":54517,"comment_status":"open","ping_status":"open","sticky":false,"template":"","format":"standard","meta":{"footnotes":""},"categories":[1],"tags":[],"class_list":["post-54515","post","type-post","status-publish","format-standard","has-post-thumbnail","hentry","category-agenda"],"_links":{"self":[{"href":"http:\/\/portalcatolico.net\/portal\/wp-json\/wp\/v2\/posts\/54515","targetHints":{"allow":["GET"]}}],"collection":[{"href":"http:\/\/portalcatolico.net\/portal\/wp-json\/wp\/v2\/posts"}],"about":[{"href":"http:\/\/portalcatolico.net\/portal\/wp-json\/wp\/v2\/types\/post"}],"author":[{"embeddable":true,"href":"http:\/\/portalcatolico.net\/portal\/wp-json\/wp\/v2\/users\/2"}],"replies":[{"embeddable":true,"href":"http:\/\/portalcatolico.net\/portal\/wp-json\/wp\/v2\/comments?post=54515"}],"version-history":[{"count":2,"href":"http:\/\/portalcatolico.net\/portal\/wp-json\/wp\/v2\/posts\/54515\/revisions"}],"predecessor-version":[{"id":54519,"href":"http:\/\/portalcatolico.net\/portal\/wp-json\/wp\/v2\/posts\/54515\/revisions\/54519"}],"wp:featuredmedia":[{"embeddable":true,"href":"http:\/\/portalcatolico.net\/portal\/wp-json\/wp\/v2\/media\/54517"}],"wp:attachment":[{"href":"http:\/\/portalcatolico.net\/portal\/wp-json\/wp\/v2\/media?parent=54515"}],"wp:term":[{"taxonomy":"category","embeddable":true,"href":"http:\/\/portalcatolico.net\/portal\/wp-json\/wp\/v2\/categories?post=54515"},{"taxonomy":"post_tag","embeddable":true,"href":"http:\/\/portalcatolico.net\/portal\/wp-json\/wp\/v2\/tags?post=54515"}],"curies":[{"name":"wp","href":"https:\/\/api.w.org\/{rel}","templated":true}]}}