{"id":54511,"date":"2018-04-15T19:01:14","date_gmt":"2018-04-15T22:01:14","guid":{"rendered":"http:\/\/portalcatolico.net\/portal\/?p=54511"},"modified":"2018-04-15T19:01:56","modified_gmt":"2018-04-15T22:01:56","slug":"seminario-bom-pastor-sedia-encontro-vocacional-vocare","status":"publish","type":"post","link":"http:\/\/portalcatolico.net\/portal\/seminario-bom-pastor-sedia-encontro-vocacional-vocare\/","title":{"rendered":"Semin\u00e1rio Bom Pastor Sedia Encontro Vocacional Vocare"},"content":{"rendered":"<p>Foi realizado neste final de semana, no Semin\u00e1rio Proped\u00eautico Bom Pastor em Teixeira de Freitas, o Encontro Vocacional Vocare.<\/p>\n<p>O encontro se iniciou no s\u00e1bado a tarde com a programa\u00e7\u00e3o preparada pelo Reverend\u00edssimo Reitor Padre Roberto juntamente com a equipe de forma\u00e7\u00e3o do Semin\u00e1rio. Durante o encontro os jovens rapazes partilharam de suas experi\u00eancias, anseios e desejos vocacionais.<\/p>\n<p>Com a ajuda e presen\u00e7a dos seminaristas propedeutas residentes na casa foi dialogado e explicado sobre o chamado que Deus faz a cada um de forma singular.<img loading=\"lazy\" decoding=\"async\" class=\" wp-image-54513 alignright\" src=\"http:\/\/portalcatolico.net\/portal\/wp-content\/uploads\/2018\/04\/WhatsApp-Image-2018-04-15-at-13.51.21-768x576-300x225.jpeg\" alt=\"WhatsApp-Image-2018-04-15-at-13.51.21-768x576\" width=\"269\" height=\"202\" srcset=\"http:\/\/portalcatolico.net\/portal\/wp-content\/uploads\/2018\/04\/WhatsApp-Image-2018-04-15-at-13.51.21-768x576-300x225.jpeg 300w, http:\/\/portalcatolico.net\/portal\/wp-content\/uploads\/2018\/04\/WhatsApp-Image-2018-04-15-at-13.51.21-768x576.jpeg 768w\" sizes=\"auto, (max-width: 269px) 100vw, 269px\" \/><\/p>\n<p>O Vocare foi finalizado no domingo com a Santa Missa onde o Padre Roberto destacou a import\u00e2ncia do discernimento vocacional, da busca constante da ora\u00e7\u00e3o, que \u00e9 um dos meios onde Deus fala. Convidou aos jovens para que n\u00e3o tivessem medo de darem o sim, pois Deus chama e cuida.<\/p>\n<p>Texto e fotos: Pascom-Diocese de Teixeira de Freitas\/Caravelas<\/p>\n<p>&nbsp;<\/p>\n","protected":false},"excerpt":{"rendered":"<p>Foi realizado neste final de semana, no Semin\u00e1rio Proped\u00eautico Bom Pastor em Teixeira de Freitas, o Encontro Vocacional Vocare. O encontro se iniciou no s\u00e1bado a tarde com a programa\u00e7\u00e3o preparada pelo Reverend\u00edssimo Reitor Padre Roberto juntamente com a equipe de forma\u00e7\u00e3o do Semin\u00e1rio. Durante o encontro os jovens rapazes partilharam de suas experi\u00eancias, anseios&nbsp;<\/p>\n<p><a class=\"btn btn-style\" href=\"http:\/\/portalcatolico.net\/portal\/seminario-bom-pastor-sedia-encontro-vocacional-vocare\/\">Continue Reading<\/a><\/p>\n","protected":false},"author":2,"featured_media":54512,"comment_status":"open","ping_status":"open","sticky":false,"template":"","format":"standard","meta":{"footnotes":""},"categories":[4],"tags":[],"class_list":["post-54511","post","type-post","status-publish","format-standard","has-post-thumbnail","hentry","category-destaques"],"_links":{"self":[{"href":"http:\/\/portalcatolico.net\/portal\/wp-json\/wp\/v2\/posts\/54511","targetHints":{"allow":["GET"]}}],"collection":[{"href":"http:\/\/portalcatolico.net\/portal\/wp-json\/wp\/v2\/posts"}],"about":[{"href":"http:\/\/portalcatolico.net\/portal\/wp-json\/wp\/v2\/types\/post"}],"author":[{"embeddable":true,"href":"http:\/\/portalcatolico.net\/portal\/wp-json\/wp\/v2\/users\/2"}],"replies":[{"embeddable":true,"href":"http:\/\/portalcatolico.net\/portal\/wp-json\/wp\/v2\/comments?post=54511"}],"version-history":[{"count":1,"href":"http:\/\/portalcatolico.net\/portal\/wp-json\/wp\/v2\/posts\/54511\/revisions"}],"predecessor-version":[{"id":54514,"href":"http:\/\/portalcatolico.net\/portal\/wp-json\/wp\/v2\/posts\/54511\/revisions\/54514"}],"wp:featuredmedia":[{"embeddable":true,"href":"http:\/\/portalcatolico.net\/portal\/wp-json\/wp\/v2\/media\/54512"}],"wp:attachment":[{"href":"http:\/\/portalcatolico.net\/portal\/wp-json\/wp\/v2\/media?parent=54511"}],"wp:term":[{"taxonomy":"category","embeddable":true,"href":"http:\/\/portalcatolico.net\/portal\/wp-json\/wp\/v2\/categories?post=54511"},{"taxonomy":"post_tag","embeddable":true,"href":"http:\/\/portalcatolico.net\/portal\/wp-json\/wp\/v2\/tags?post=54511"}],"curies":[{"name":"wp","href":"https:\/\/api.w.org\/{rel}","templated":true}]}}