{"id":54507,"date":"2018-04-15T11:09:03","date_gmt":"2018-04-15T14:09:03","guid":{"rendered":"http:\/\/portalcatolico.net\/portal\/?p=54507"},"modified":"2018-04-15T11:09:32","modified_gmt":"2018-04-15T14:09:32","slug":"5o-dia-da-assembleia-geral-da-cnbb-dom-murilo-e-a-situacao-no-brasil","status":"publish","type":"post","link":"http:\/\/portalcatolico.net\/portal\/5o-dia-da-assembleia-geral-da-cnbb-dom-murilo-e-a-situacao-no-brasil\/","title":{"rendered":"5\u00ba dia da Assembleia Geral da CNBB: Dom Murilo e a situa\u00e7\u00e3o no Brasil"},"content":{"rendered":"<p>O retiro espiritual neste fim de semana foi um momento para a medita\u00e7\u00e3o sobre a vida pastoral de cada bispo, assim como, para pedir o aux\u00edlio de Deus \u00e0s dioceses.<\/p>\n<p>Neste final de semana a 56\u00aa Assembleia Geral da Confer\u00eancia Nacional dos Bispos do Brasil (CNBB), que se realiza em Aparecida (SP), e re\u00fane mais de 300\u00a0bispos\u00a0de todo o pa\u00eds, teve uma pausa nos trabalhos. Deste o in\u00edcio da tarde ontem os bispos estiveram em retiro, conduzido pelo bispo em\u00e9rito de Maraj\u00f3, Dom Jos\u00e9 Lu\u00eds Azcona. O retiro se concluiu com a Santa Missa na Bas\u00edlica Nacional \u00e0s 11h30, presidida pelo arcebispo de S\u00e3o Paulo, Cardeal Odilo Pedro Scherer. Milhares de fi\u00e9is e romeiros encheram a \u201cCasa da M\u00e3e\u201d.<\/p>\n<p>O momento de espiritualidade dos senhores bispos foi um momento para a medita\u00e7\u00e3o sobre a vida pastoral de cada bispo, assim como, para pedir o aux\u00edlio de Deus \u00e0s dioceses. Dom Azcona, pregador oficial partilhou com todo o episcopado sua experi\u00eancia e hist\u00f3ria de grande significado para a\u00a0luta contra o tr\u00e1fico humano de pessoas\u00a0e a prostitui\u00e7\u00e3o infantil, especialmente na Ilha do Maraj\u00f3, no Par\u00e1.<\/p>\n<h2>Retiro espiritual<\/h2>\n<p>A tem\u00e1tica do retiro dos bispos foi a mesma do \u00faltimo documento do Papa Francisco, lan\u00e7ado esta semana, a Exorta\u00e7\u00e3o Apost\u00f3lica \u201cGaudete et Exsultate\u201d, na qual o Pont\u00edfice quer \u201cfazer ressoar mais uma vez o chamado \u00e0 santidade\u201d, indicando \u201cos seus riscos, desafios e oportunidades\u201d.<\/p>\n<p>\u201c\u00c0s vezes falamos de Cristo como a nossa paix\u00e3o, mas muitas vezes ocultamos e deixamos na sombra a sua identidade como crucificado\u201d, disse. A identidade de Cristo, ao qual queremos seguir, afirmou Dom Azcona, \u00e9 marcada pelas chagas.<\/p>\n<p>Para o bispo em\u00e9rito de Maraj\u00f3 as ra\u00edzes da santidade e, portanto, do bispo hoje sempre est\u00e3o na sua condi\u00e7\u00e3o primeira de crist\u00e3o. Ele disse que \u00e9 necess\u00e1rio chegar \u00e0 identidade de crist\u00e3o para ser mission\u00e1rio.<\/p>\n<h2>Atualiza\u00e7\u00e3o dos Estatuto Can\u00f4nico da CNBB<\/h2>\n<p>Entretanto o cardeal Raymundo Damasceno Assis, arcebispo em\u00e9rito de Aparecida (SP), falou na manh\u00e3 de ontem, s\u00e1bado (14) aos bispos reunidos em plen\u00e1rio na parte da manh\u00e3 sobre a atualiza\u00e7\u00e3o dos Estatuto Can\u00f4nico da Confer\u00eancia Nacional dos Bispos do Brasil (CNBB), tema que j\u00e1 apresentar\u00e1 durante a coletiva de imprensa na sexta-feira, dia 13.<\/p>\n<p>Dom Raymundo explicou aos jornalistas que o Estatuto em vigor foi aprovado em 2001 e promulgado no ano seguinte. Em 2015, atendendo ao pedido dos bispos, a presid\u00eancia da CNBB nomeou uma comiss\u00e3o para a reforma do documento, presidida pelo Cardeal.<\/p>\n<p>\u201cEu n\u00e3o chamaria de uma reforma, porque ela n\u00e3o \u00e9 t\u00e3o profunda, mas uma revis\u00e3o dos estatutos, procurando adapta-los \u00e0s novas exig\u00eancias que se fazem necess\u00e1rias\u201d, destacou Dom Raymundo.<\/p>\n<p>Mas sobre os trabalhos desta semana da Assembleia Geral n\u00f3s conversamos com o arcebispo de Salvador na Bahia, primaz do Brasil e vice-presidente da CNBB, Dom Murilo Krieger. Ele falou ainda da situa\u00e7\u00e3o atual do Brasil.<\/p>\n<p><strong>Ou\u00e7a a entrevista na integra<\/strong>.<\/p>\n<audio class=\"wp-audio-shortcode\" id=\"audio-54507-1\" preload=\"none\" style=\"width: 100%;\" controls=\"controls\"><source type=\"audio\/mpeg\" src=\"http:\/\/portalcatolico.net\/portal\/wp-content\/uploads\/2018\/04\/134383697_F134383697.mp3?_=1\" \/><a href=\"http:\/\/portalcatolico.net\/portal\/wp-content\/uploads\/2018\/04\/134383697_F134383697.mp3\">http:\/\/portalcatolico.net\/portal\/wp-content\/uploads\/2018\/04\/134383697_F134383697.mp3<\/a><\/audio>\n<p>Por: Silvonei Jos\u00e9<\/p>\n<p>Foto e fonte: Vatican News<\/p>\n<p>&nbsp;<\/p>\n","protected":false},"excerpt":{"rendered":"<p>O retiro espiritual neste fim de semana foi um momento para a medita\u00e7\u00e3o sobre a vida pastoral de cada bispo, assim como, para pedir o aux\u00edlio de Deus \u00e0s dioceses. Neste final de semana a 56\u00aa Assembleia Geral da Confer\u00eancia Nacional dos Bispos do Brasil (CNBB), que se realiza em Aparecida (SP), e re\u00fane mais&nbsp;<\/p>\n<p><a class=\"btn btn-style\" href=\"http:\/\/portalcatolico.net\/portal\/5o-dia-da-assembleia-geral-da-cnbb-dom-murilo-e-a-situacao-no-brasil\/\">Continue Reading<\/a><\/p>\n","protected":false},"author":2,"featured_media":54509,"comment_status":"open","ping_status":"open","sticky":false,"template":"","format":"standard","meta":{"footnotes":""},"categories":[4],"tags":[],"class_list":["post-54507","post","type-post","status-publish","format-standard","has-post-thumbnail","hentry","category-destaques"],"_links":{"self":[{"href":"http:\/\/portalcatolico.net\/portal\/wp-json\/wp\/v2\/posts\/54507","targetHints":{"allow":["GET"]}}],"collection":[{"href":"http:\/\/portalcatolico.net\/portal\/wp-json\/wp\/v2\/posts"}],"about":[{"href":"http:\/\/portalcatolico.net\/portal\/wp-json\/wp\/v2\/types\/post"}],"author":[{"embeddable":true,"href":"http:\/\/portalcatolico.net\/portal\/wp-json\/wp\/v2\/users\/2"}],"replies":[{"embeddable":true,"href":"http:\/\/portalcatolico.net\/portal\/wp-json\/wp\/v2\/comments?post=54507"}],"version-history":[{"count":1,"href":"http:\/\/portalcatolico.net\/portal\/wp-json\/wp\/v2\/posts\/54507\/revisions"}],"predecessor-version":[{"id":54510,"href":"http:\/\/portalcatolico.net\/portal\/wp-json\/wp\/v2\/posts\/54507\/revisions\/54510"}],"wp:featuredmedia":[{"embeddable":true,"href":"http:\/\/portalcatolico.net\/portal\/wp-json\/wp\/v2\/media\/54509"}],"wp:attachment":[{"href":"http:\/\/portalcatolico.net\/portal\/wp-json\/wp\/v2\/media?parent=54507"}],"wp:term":[{"taxonomy":"category","embeddable":true,"href":"http:\/\/portalcatolico.net\/portal\/wp-json\/wp\/v2\/categories?post=54507"},{"taxonomy":"post_tag","embeddable":true,"href":"http:\/\/portalcatolico.net\/portal\/wp-json\/wp\/v2\/tags?post=54507"}],"curies":[{"name":"wp","href":"https:\/\/api.w.org\/{rel}","templated":true}]}}