{"id":54310,"date":"2018-04-14T22:44:27","date_gmt":"2018-04-15T01:44:27","guid":{"rendered":"http:\/\/portalcatolico.net\/portal\/?p=54310"},"modified":"2018-04-15T07:22:40","modified_gmt":"2018-04-15T10:22:40","slug":"jovens-sao-homenageados-em-missa-neste-sabado-em-itabuna","status":"publish","type":"post","link":"http:\/\/portalcatolico.net\/portal\/jovens-sao-homenageados-em-missa-neste-sabado-em-itabuna\/","title":{"rendered":"Jovens s\u00e3o homenageados em missa neste s\u00e1bado em Itabuna"},"content":{"rendered":"<p style=\"font-weight: 400;\">A Par\u00f3quia Nossa Senhora da Concei\u00e7\u00e3o de Itabuna (BA) acolheu os jovens das outras par\u00f3quias\u00a0da cidade, neste s\u00e1bado (14), em comemora\u00e7\u00e3o ao Dia do Jovem, que \u00e9 celebrado todo 13 de abril.<\/p>\n<p style=\"font-weight: 400;\">\u00a0A missa\u00a0\u00a0iniciou \u00e0s 15h e foi presidida pelos p\u00e1rocos: Pe. Adriano Fernandes (da Par\u00f3quia Nossa Senhora da Concei\u00e7\u00e3o) e\u00a0<em>Frei Ivanilton Oliveira dos Santos<\/em>\u00a0(Assessor Diocesano do Setor da Juventude e p\u00e1roco Nossa Senhora da Piedade).<\/p>\n<p style=\"font-weight: 400;\">Ao iniciar a Celebra\u00e7\u00e3o, Padre Adriano revelou um desejo: \u201cQue esta missa seja uma motiva\u00e7\u00e3o para a\u00e7\u00e3o dentro de nossas par\u00f3quias. Que a gente consiga trazer outros jovens para Jesus\u201d, disse.<\/p>\n<p style=\"font-weight: 400;\">Na oportunidade, Frei Ivanilton\u00a0\u00a0falou com os jovens de uma forma descontra\u00edda. Mas n\u00e3o deixou de passar s\u00e9rias li\u00e7\u00f5es, em sua homilia: \u201c(&#8230;) a Igreja de Jesus \u00e9 constitu\u00edda de fraternidade, e fraternidade s\u00f3 \u00e9 poss\u00edvel quando se tem unidade. Se n\u00f3s n\u00e3o prestamos para sermos irm\u00e3os, n\u00e3o seremos amigos de ningu\u00e9m\u201d.<\/p>\n<p style=\"font-weight: 400;\">Fotos e reportagem: Valdeni Elias<\/p>\n<p style=\"font-weight: 400;\">Edi\u00e7\u00e3o de texto: Anara Passos (Jornalista DTR 7574)<\/p>\n<p style=\"font-weight: 400;\">\u00c1lbum de fotos.<span style=\"color: #ff0000;\"><a href=\"http:\/\/portalcatolico.net\/portal\/missa-jovem-em-itabuna\/\">Clique aqui<\/a>\u00a0<\/span><\/p>\n<p style=\"font-weight: 400;\"><strong>Assista o v\u00eddeo:<\/strong><\/p>\n<p><iframe loading=\"lazy\"  id=\"_ytid_55936\"  width=\"480\" height=\"270\"  data-origwidth=\"480\" data-origheight=\"270\" src=\"https:\/\/www.youtube.com\/embed\/qFv_jxmkETk?enablejsapi=1&#038;autoplay=0&#038;cc_load_policy=0&#038;cc_lang_pref=&#038;iv_load_policy=1&#038;loop=0&#038;rel=1&#038;fs=1&#038;playsinline=0&#038;autohide=2&#038;theme=dark&#038;color=red&#038;controls=1&#038;disablekb=0&#038;\" class=\"__youtube_prefs__  epyt-is-override  no-lazyload\" title=\"YouTube player\"  allow=\"fullscreen; accelerometer; autoplay; clipboard-write; encrypted-media; gyroscope; picture-in-picture; web-share\" referrerpolicy=\"strict-origin-when-cross-origin\" allowfullscreen data-no-lazy=\"1\" data-skipgform_ajax_framebjll=\"\"><\/iframe><\/p>\n","protected":false},"excerpt":{"rendered":"<p>A Par\u00f3quia Nossa Senhora da Concei\u00e7\u00e3o de Itabuna (BA) acolheu os jovens das outras par\u00f3quias\u00a0da cidade, neste s\u00e1bado (14), em comemora\u00e7\u00e3o ao Dia do Jovem, que \u00e9 celebrado todo 13 de abril. \u00a0A missa\u00a0\u00a0iniciou \u00e0s 15h e foi presidida pelos p\u00e1rocos: Pe. Adriano Fernandes (da Par\u00f3quia Nossa Senhora da Concei\u00e7\u00e3o) e\u00a0Frei Ivanilton Oliveira dos Santos\u00a0(Assessor&nbsp;<\/p>\n<p><a class=\"btn btn-style\" href=\"http:\/\/portalcatolico.net\/portal\/jovens-sao-homenageados-em-missa-neste-sabado-em-itabuna\/\">Continue Reading<\/a><\/p>\n","protected":false},"author":2,"featured_media":54311,"comment_status":"open","ping_status":"open","sticky":false,"template":"","format":"standard","meta":{"footnotes":""},"categories":[68],"tags":[],"class_list":["post-54310","post","type-post","status-publish","format-standard","has-post-thumbnail","hentry","category-homilias"],"_links":{"self":[{"href":"http:\/\/portalcatolico.net\/portal\/wp-json\/wp\/v2\/posts\/54310","targetHints":{"allow":["GET"]}}],"collection":[{"href":"http:\/\/portalcatolico.net\/portal\/wp-json\/wp\/v2\/posts"}],"about":[{"href":"http:\/\/portalcatolico.net\/portal\/wp-json\/wp\/v2\/types\/post"}],"author":[{"embeddable":true,"href":"http:\/\/portalcatolico.net\/portal\/wp-json\/wp\/v2\/users\/2"}],"replies":[{"embeddable":true,"href":"http:\/\/portalcatolico.net\/portal\/wp-json\/wp\/v2\/comments?post=54310"}],"version-history":[{"count":2,"href":"http:\/\/portalcatolico.net\/portal\/wp-json\/wp\/v2\/posts\/54310\/revisions"}],"predecessor-version":[{"id":54506,"href":"http:\/\/portalcatolico.net\/portal\/wp-json\/wp\/v2\/posts\/54310\/revisions\/54506"}],"wp:featuredmedia":[{"embeddable":true,"href":"http:\/\/portalcatolico.net\/portal\/wp-json\/wp\/v2\/media\/54311"}],"wp:attachment":[{"href":"http:\/\/portalcatolico.net\/portal\/wp-json\/wp\/v2\/media?parent=54310"}],"wp:term":[{"taxonomy":"category","embeddable":true,"href":"http:\/\/portalcatolico.net\/portal\/wp-json\/wp\/v2\/categories?post=54310"},{"taxonomy":"post_tag","embeddable":true,"href":"http:\/\/portalcatolico.net\/portal\/wp-json\/wp\/v2\/tags?post=54310"}],"curies":[{"name":"wp","href":"https:\/\/api.w.org\/{rel}","templated":true}]}}