{"id":54215,"date":"2018-04-13T23:16:17","date_gmt":"2018-04-14T02:16:17","guid":{"rendered":"http:\/\/portalcatolico.net\/portal\/?p=54215"},"modified":"2018-04-13T23:30:21","modified_gmt":"2018-04-14T02:30:21","slug":"camara-de-itabuna-homenageia-varios-jovens-catolicos-em-sessao-especial","status":"publish","type":"post","link":"http:\/\/portalcatolico.net\/portal\/camara-de-itabuna-homenageia-varios-jovens-catolicos-em-sessao-especial\/","title":{"rendered":"C\u00e2mara de Itabuna homenageia v\u00e1rios jovens cat\u00f3licos em Sess\u00e3o Especial"},"content":{"rendered":"<p style=\"font-weight: 400;\"><em>A C\u00e2mara Municipal de Itabuna realizou nesta sexta-feira (13), \u00e0s 18h30, uma Sess\u00e3o Especial em comemora\u00e7\u00e3o ao Dia do Jovem. A Solenidade buscou homenagear jovens\u00a0<\/em>que se destacam em campos sociais e profissionais em Itabuna.<\/p>\n<p style=\"font-weight: 400;\"><em>O Plen\u00e1rio\u00a0<\/em>Raymundo Lima<em>\u00a0ficou completamente lotado de amigos e familiares dos homenageados, al\u00e9m de v\u00e1rios cat\u00f3licos, como Grupos de Ora\u00e7\u00e3o e Movimentos da Diocese de Itabuna.<\/em><\/p>\n<p style=\"font-weight: 400;\"><em>Vinte e cinco jovens foram homenageados, entre eles os cat\u00f3licos: Tales Bispo, Coordenador do Minist\u00e9rio Jovem da Renova\u00e7\u00e3o Carism\u00e1tica Cat\u00f3lica (RCC) da Diocese de Itabuna; Othon Henrique da Par\u00f3quia Senhor do Bonfim e membro do Movimento Escalada; Washington Alves, membro da \u00a0\u00a0RCC, do Encontro de Jovens com Cristo (EJC) e da Pastoral da Crian\u00e7a da Par\u00f3quia Santa Rita de C\u00e1ssia de Itabuna.<\/em><\/p>\n<p style=\"font-weight: 400;\">Um dos homenageados falou sobre a import\u00e2ncia de ser reconhecido como um jovem que se destaca em Itabuna: \u201c(&#8230;) eu vejo essa homenagem, como uma forma de dizer para todos os jovens que n\u00f3s temos o poder de transformar a sociedade, dentro daquilo que entendemos como nossa voca\u00e7\u00e3o. Esses jovens que est\u00e3o aqui, mostram que a Juventude pode ser e \u00e9 protagonista neste tempo de novas mudan\u00e7as, tanto na \u00e1rea da pol\u00edtica como em todas as outras \u00e1reas que comp\u00f5em a sociedade brasileira\u201d, decalrou Tales Bispo.<\/p>\n<p style=\"font-weight: 400;\"><em>Esta Sess\u00e3o Especial foi de iniciativa e autoria do Vereador Enderson\u00a0\u00a0Guinho, que al\u00e9m de ser representante da Juventude no Poder Legislativo, \u00e9 uma pessoa bem atuante na Igreja Cat\u00f3lica, sendo paroquiano da Par\u00f3quia Senhor do Bomfim, Coordenador Diocesano do Encontro de Jovens com Cristo da Diocese de Itabuna, membro do Movimento Escalada.<\/em><\/p>\n<p style=\"font-weight: 400;\">Para Enderson \u201c\u00e9 importante valorizar os jovens que se destacam em nossa regi\u00e3o atrav\u00e9s dos seus servi\u00e7os e trabalhos. \u00c9 assim que tornamos nossa sociedade verdadeira e democr\u00e1tica. Al\u00e9m disso, temos bons profissionais jovens em nossa cidade que tem o perfil empreendedor, criativo e inovador. E esses merecem ser estimulados e reconhecidos. \u00c9 atrav\u00e9s desses talentos que nossa cidade crescer\u00e1 ainda mais. Al\u00e9m disso, os jovens representam a esperan\u00e7a de um mundo melhor\u201d.<\/p>\n<p style=\"font-weight: 400;\">Na oportunidade, Enderson ressaltou a import\u00e2ncia de reconhecer o poder de atua\u00e7\u00e3o dessa Juventude: \u201cTemos jovens empres\u00e1rios, advogados, do ramo da evangeliza\u00e7\u00e3o (tanto cat\u00f3licos como evang\u00e9licos), que fazem um trabalham social e botam o nome de Itabuna \u00e0 margem positiva, somando para o crescimento da cidade. Essa \u00e9 a oportunidade de politizar essa Juventude, pois muitos deles nunca vieram \u00e0 C\u00e2mara de Vereadores, e aqui n\u00f3s precisamos ter a consci\u00eancia de que \u00e9 neste lugar que s\u00e3o feitas as leis municipais, \u00e9 daqui que sai a fiscaliza\u00e7\u00e3o do Poder P\u00fablico&#8230; ent\u00e3o isso tamb\u00e9m \u00e9 importante para despertar neles o interesse de estar se engajando na vida pol\u00edtica, se tornando agentes pol\u00edticos transformadores da sociedade\u201d.<\/p>\n<p style=\"font-weight: 400;\">Ao final da Sess\u00e3o, o Vereador Enderson Guinho agradeceu a todos que compareceram, a todos os seus colegas que o ajudaram a concretizar a Sess\u00e3o e finalizou dizendo: \u201cComo diz Padre Zezinho: \u2018Eu creio na for\u00e7a do Jovem. Porque ele vai a lugares onde nem todo mundo tem coragem de ir. E l\u00e1 ele faz a diferen\u00e7a, faz a transforma\u00e7\u00e3o. Parab\u00e9ns a voc\u00eas e um feliz Dia do Jovem!\u201d<\/p>\n<p>Fotos e reportagem: Valdeni Elias<\/p>\n<p>Edi\u00e7\u00e3o de texto: Anara Passos (Jornalista- DRT 7574)<\/p>\n<p>\u00c1lbum de fotos:\u00a0<a href=\"http:\/\/portalcatolico.net\/portal\/54200-2\/\"><span style=\"color: #ff0000;\">Clique aqui e confira<\/span><\/a><\/p>\n","protected":false},"excerpt":{"rendered":"<p>A C\u00e2mara Municipal de Itabuna realizou nesta sexta-feira (13), \u00e0s 18h30, uma Sess\u00e3o Especial em comemora\u00e7\u00e3o ao Dia do Jovem. A Solenidade buscou homenagear jovens\u00a0que se destacam em campos sociais e profissionais em Itabuna. O Plen\u00e1rio\u00a0Raymundo Lima\u00a0ficou completamente lotado de amigos e familiares dos homenageados, al\u00e9m de v\u00e1rios cat\u00f3licos, como Grupos de Ora\u00e7\u00e3o e Movimentos&nbsp;<\/p>\n<p><a class=\"btn btn-style\" href=\"http:\/\/portalcatolico.net\/portal\/camara-de-itabuna-homenageia-varios-jovens-catolicos-em-sessao-especial\/\">Continue Reading<\/a><\/p>\n","protected":false},"author":2,"featured_media":54251,"comment_status":"open","ping_status":"open","sticky":false,"template":"","format":"standard","meta":{"footnotes":""},"categories":[65],"tags":[],"class_list":["post-54215","post","type-post","status-publish","format-standard","has-post-thumbnail","hentry","category-entrevistas"],"_links":{"self":[{"href":"http:\/\/portalcatolico.net\/portal\/wp-json\/wp\/v2\/posts\/54215","targetHints":{"allow":["GET"]}}],"collection":[{"href":"http:\/\/portalcatolico.net\/portal\/wp-json\/wp\/v2\/posts"}],"about":[{"href":"http:\/\/portalcatolico.net\/portal\/wp-json\/wp\/v2\/types\/post"}],"author":[{"embeddable":true,"href":"http:\/\/portalcatolico.net\/portal\/wp-json\/wp\/v2\/users\/2"}],"replies":[{"embeddable":true,"href":"http:\/\/portalcatolico.net\/portal\/wp-json\/wp\/v2\/comments?post=54215"}],"version-history":[{"count":2,"href":"http:\/\/portalcatolico.net\/portal\/wp-json\/wp\/v2\/posts\/54215\/revisions"}],"predecessor-version":[{"id":54306,"href":"http:\/\/portalcatolico.net\/portal\/wp-json\/wp\/v2\/posts\/54215\/revisions\/54306"}],"wp:featuredmedia":[{"embeddable":true,"href":"http:\/\/portalcatolico.net\/portal\/wp-json\/wp\/v2\/media\/54251"}],"wp:attachment":[{"href":"http:\/\/portalcatolico.net\/portal\/wp-json\/wp\/v2\/media?parent=54215"}],"wp:term":[{"taxonomy":"category","embeddable":true,"href":"http:\/\/portalcatolico.net\/portal\/wp-json\/wp\/v2\/categories?post=54215"},{"taxonomy":"post_tag","embeddable":true,"href":"http:\/\/portalcatolico.net\/portal\/wp-json\/wp\/v2\/tags?post=54215"}],"curies":[{"name":"wp","href":"https:\/\/api.w.org\/{rel}","templated":true}]}}