{"id":54193,"date":"2018-04-13T05:58:19","date_gmt":"2018-04-13T08:58:19","guid":{"rendered":"http:\/\/portalcatolico.net\/portal\/?p=54193"},"modified":"2018-04-13T06:16:18","modified_gmt":"2018-04-13T09:16:18","slug":"novenario-de-sao-jorge-comeca-neste-sabado-em-ibicarai","status":"publish","type":"post","link":"http:\/\/portalcatolico.net\/portal\/novenario-de-sao-jorge-comeca-neste-sabado-em-ibicarai\/","title":{"rendered":"Noven\u00e1rio de S\u00e3o Jorge come\u00e7a neste s\u00e1bado em Ibicara\u00ed"},"content":{"rendered":"<div dir=\"auto\">A Comunidade do distrito Cajueiro Velho, que pertence \u00e0 Par\u00f3quia Senhor Deus Menino , do munic\u00edpio de Ibicara\u00ed, no sul da Bahia, est\u00e1 preparando o Noven\u00e1rio e Festa em homenagem a S\u00e3o Jorge.<\/div>\n<div dir=\"auto\">O Noven\u00e1rio tem in\u00edcio neste s\u00e1bado, 14, e \u00a0refletir\u00e1 \u00a0o \u00a0tema: &#8220;Crist\u00e3os \u00a0leigos (as), portadores da gra\u00e7a batismal.\u201d E o lema: &#8220;V\u00f3s recebestes o un\u00e7\u00e3o do santo, e todos v\u00f3s tendes conhecimento.\u201d (JO 2,20).<\/div>\n<div dir=\"auto\">\n<p>O Noven\u00e1rio segue \u00a0at\u00e9 o dia 23 de abril com com santa missa sempre \u00e0s 19h. \u00a0Participe!<\/p>\n<\/div>\n<div dir=\"auto\">Foto:Divulga\u00e7\u00e3o<\/div>\n","protected":false},"excerpt":{"rendered":"<p>A Comunidade do distrito Cajueiro Velho, que pertence \u00e0 Par\u00f3quia Senhor Deus Menino , do munic\u00edpio de Ibicara\u00ed, no sul da Bahia, est\u00e1 preparando o Noven\u00e1rio e Festa em homenagem a S\u00e3o Jorge. O Noven\u00e1rio tem in\u00edcio neste s\u00e1bado, 14, e \u00a0refletir\u00e1 \u00a0o \u00a0tema: &#8220;Crist\u00e3os \u00a0leigos (as), portadores da gra\u00e7a batismal.\u201d E o lema: &#8220;V\u00f3s&nbsp;<\/p>\n<p><a class=\"btn btn-style\" href=\"http:\/\/portalcatolico.net\/portal\/novenario-de-sao-jorge-comeca-neste-sabado-em-ibicarai\/\">Continue Reading<\/a><\/p>\n","protected":false},"author":2,"featured_media":54194,"comment_status":"open","ping_status":"open","sticky":false,"template":"","format":"standard","meta":{"footnotes":""},"categories":[1],"tags":[],"class_list":["post-54193","post","type-post","status-publish","format-standard","has-post-thumbnail","hentry","category-agenda"],"_links":{"self":[{"href":"http:\/\/portalcatolico.net\/portal\/wp-json\/wp\/v2\/posts\/54193","targetHints":{"allow":["GET"]}}],"collection":[{"href":"http:\/\/portalcatolico.net\/portal\/wp-json\/wp\/v2\/posts"}],"about":[{"href":"http:\/\/portalcatolico.net\/portal\/wp-json\/wp\/v2\/types\/post"}],"author":[{"embeddable":true,"href":"http:\/\/portalcatolico.net\/portal\/wp-json\/wp\/v2\/users\/2"}],"replies":[{"embeddable":true,"href":"http:\/\/portalcatolico.net\/portal\/wp-json\/wp\/v2\/comments?post=54193"}],"version-history":[{"count":3,"href":"http:\/\/portalcatolico.net\/portal\/wp-json\/wp\/v2\/posts\/54193\/revisions"}],"predecessor-version":[{"id":54198,"href":"http:\/\/portalcatolico.net\/portal\/wp-json\/wp\/v2\/posts\/54193\/revisions\/54198"}],"wp:featuredmedia":[{"embeddable":true,"href":"http:\/\/portalcatolico.net\/portal\/wp-json\/wp\/v2\/media\/54194"}],"wp:attachment":[{"href":"http:\/\/portalcatolico.net\/portal\/wp-json\/wp\/v2\/media?parent=54193"}],"wp:term":[{"taxonomy":"category","embeddable":true,"href":"http:\/\/portalcatolico.net\/portal\/wp-json\/wp\/v2\/categories?post=54193"},{"taxonomy":"post_tag","embeddable":true,"href":"http:\/\/portalcatolico.net\/portal\/wp-json\/wp\/v2\/tags?post=54193"}],"curies":[{"name":"wp","href":"https:\/\/api.w.org\/{rel}","templated":true}]}}